{"id":103358,"date":"2025-03-11T13:00:53","date_gmt":"2025-03-11T12:00:53","guid":{"rendered":"https:\/\/radio.umh.es\/?p=103358"},"modified":"2025-03-13T09:32:39","modified_gmt":"2025-03-13T08:32:39","slug":"entrevista-a-manuel-garcia-perez-galardonado-con-el-premio-de-poesia-juana-castro-en-malos-tiempos-para-la-lirica-11-de-marzo-de-2025","status":"publish","type":"post","link":"https:\/\/radio.umh.es\/ca\/2025\/03\/11\/entrevista-a-manuel-garcia-perez-galardonado-con-el-premio-de-poesia-juana-castro-en-malos-tiempos-para-la-lirica-11-de-marzo-de-2025\/","title":{"rendered":"<span lang=\"es\">(Espa\u00f1ol) Entrevista a Manuel Garc\u00eda P\u00e9rez, galardonado con el Premio de Poes\u00eda Juana Castro, en &#8220;Malos tiempos para la l\u00edrica&#8221;, 11 de marzo de 2025&#8243;<\/span>"},"content":{"rendered":"<p class=\"qtranxs-available-languages-message qtranxs-available-languages-message-ca\">Ho sent, per\u00f2 aquesta entrada nom\u00e9s est\u00e0 disponible en <a href=\"https:\/\/radio.umh.es\/es\/wp-json\/wp\/v2\/posts\/103358\" class=\"qtranxs-available-language-link qtranxs-available-language-link-es\" title=\"Espa\u00f1ol\">Espanyol Europeu<\/a>.<\/p>","protected":false},"excerpt":{"rendered":"<p>Ho sent, per\u00f2 aquesta entrada nom\u00e9s est\u00e0 disponible en Espanyol Europeu.<\/p>\n","protected":false},"author":30148,"featured_media":0,"comment_status":"closed","ping_status":"open","sticky":false,"template":"","format":"standard","meta":{"ngg_post_thumbnail":0,"_links_to":"","_links_to_target":""},"categories":[1391170],"tags":[],"publishpress_future_action":{"enabled":false,"date":"1970-01-01 01:00:00","action":"","terms":[],"taxonomy":"","browser_timezone_offset":0},"_links":{"self":[{"href":"https:\/\/radio.umh.es\/ca\/wp-json\/wp\/v2\/posts\/103358"}],"collection":[{"href":"https:\/\/radio.umh.es\/ca\/wp-json\/wp\/v2\/posts"}],"about":[{"href":"https:\/\/radio.umh.es\/ca\/wp-json\/wp\/v2\/types\/post"}],"author":[{"embeddable":true,"href":"https:\/\/radio.umh.es\/ca\/wp-json\/wp\/v2\/users\/30148"}],"replies":[{"embeddable":true,"href":"https:\/\/radio.umh.es\/ca\/wp-json\/wp\/v2\/comments?post=103358"}],"version-history":[{"count":0,"href":"https:\/\/radio.umh.es\/ca\/wp-json\/wp\/v2\/posts\/103358\/revisions"}],"wp:attachment":[{"href":"https:\/\/radio.umh.es\/ca\/wp-json\/wp\/v2\/media?parent=103358"}],"wp:term":[{"taxonomy":"category","embeddable":true,"href":"https:\/\/radio.umh.es\/ca\/wp-json\/wp\/v2\/categories?post=103358"},{"taxonomy":"post_tag","embeddable":true,"href":"https:\/\/radio.umh.es\/ca\/wp-json\/wp\/v2\/tags?post=103358"}],"curies":[{"name":"wp","href":"https:\/\/api.w.org\/{rel}","templated":true}]}}