{"id":104159,"date":"2025-04-01T12:05:56","date_gmt":"2025-04-01T10:05:56","guid":{"rendered":"https:\/\/radio.umh.es\/?p=104159"},"modified":"2025-03-31T12:49:59","modified_gmt":"2025-03-31T10:49:59","slug":"los-ods-y-la-agenda-2030-de-la-onu-por-un-planeta-mas-sano-sostenible-y-habitable-desde-una-juventud-consciente-en-en-version-original-1-de-abril-de-2025","status":"publish","type":"post","link":"https:\/\/radio.umh.es\/ca\/2025\/04\/01\/los-ods-y-la-agenda-2030-de-la-onu-por-un-planeta-mas-sano-sostenible-y-habitable-desde-una-juventud-consciente-en-en-version-original-1-de-abril-de-2025\/","title":{"rendered":"<span lang=\"es\">(Espa\u00f1ol) Los ODS y la Agenda 2030 de la ONU: por un planeta m\u00e1s sano, sostenible y habitable desde una juventud consciente, en &#8220;En versi\u00f3n original&#8221;, 1 de abril de 2025<\/span>"},"content":{"rendered":"<p class=\"qtranxs-available-languages-message qtranxs-available-languages-message-ca\">Ho sent, per\u00f2 aquesta entrada nom\u00e9s est\u00e0 disponible en <a href=\"https:\/\/radio.umh.es\/es\/wp-json\/wp\/v2\/posts\/104159\" class=\"qtranxs-available-language-link qtranxs-available-language-link-es\" title=\"Espa\u00f1ol\">Espanyol Europeu<\/a>.<\/p>","protected":false},"excerpt":{"rendered":"<p>Ho sent, per\u00f2 aquesta entrada nom\u00e9s est\u00e0 disponible en Espanyol Europeu.<\/p>\n","protected":false},"author":30148,"featured_media":0,"comment_status":"closed","ping_status":"open","sticky":false,"template":"","format":"standard","meta":{"ngg_post_thumbnail":0,"_links_to":"","_links_to_target":""},"categories":[3690],"tags":[],"publishpress_future_action":{"enabled":false,"date":"1970-01-01 01:00:00","action":"","terms":[],"taxonomy":"","browser_timezone_offset":0},"_links":{"self":[{"href":"https:\/\/radio.umh.es\/ca\/wp-json\/wp\/v2\/posts\/104159"}],"collection":[{"href":"https:\/\/radio.umh.es\/ca\/wp-json\/wp\/v2\/posts"}],"about":[{"href":"https:\/\/radio.umh.es\/ca\/wp-json\/wp\/v2\/types\/post"}],"author":[{"embeddable":true,"href":"https:\/\/radio.umh.es\/ca\/wp-json\/wp\/v2\/users\/30148"}],"replies":[{"embeddable":true,"href":"https:\/\/radio.umh.es\/ca\/wp-json\/wp\/v2\/comments?post=104159"}],"version-history":[{"count":0,"href":"https:\/\/radio.umh.es\/ca\/wp-json\/wp\/v2\/posts\/104159\/revisions"}],"wp:attachment":[{"href":"https:\/\/radio.umh.es\/ca\/wp-json\/wp\/v2\/media?parent=104159"}],"wp:term":[{"taxonomy":"category","embeddable":true,"href":"https:\/\/radio.umh.es\/ca\/wp-json\/wp\/v2\/categories?post=104159"},{"taxonomy":"post_tag","embeddable":true,"href":"https:\/\/radio.umh.es\/ca\/wp-json\/wp\/v2\/tags?post=104159"}],"curies":[{"name":"wp","href":"https:\/\/api.w.org\/{rel}","templated":true}]}}