{"id":107506,"date":"2025-09-24T15:05:19","date_gmt":"2025-09-24T13:05:19","guid":{"rendered":"https:\/\/radio.umh.es\/?p=107506"},"modified":"2025-09-24T09:17:34","modified_gmt":"2025-09-24T07:17:34","slug":"la-procura-ante-los-retos-de-la-lo-1-2025-con-gines-juan-vicedo-y-un-nuevo-golpe-contra-la-pirateria-internacional-el-cierre-de-streameast-en-frecuencia-legal","status":"publish","type":"post","link":"https:\/\/radio.umh.es\/ca\/2025\/09\/24\/la-procura-ante-los-retos-de-la-lo-1-2025-con-gines-juan-vicedo-y-un-nuevo-golpe-contra-la-pirateria-internacional-el-cierre-de-streameast-en-frecuencia-legal\/","title":{"rendered":"<span lang=\"es\">(Espa\u00f1ol) La Procura ante los retos de la LO 1\/2025, con Gin\u00e9s Juan Vicedo, y un nuevo golpe contra la pirater\u00eda internacional: el cierre de \u201cStreameast\u201d, en \u201cFrecuencia Legal\u201d, 24 de septiembre de 2025<\/span>"},"content":{"rendered":"<p class=\"qtranxs-available-languages-message qtranxs-available-languages-message-ca\">Ho sent, per\u00f2 aquesta entrada nom\u00e9s est\u00e0 disponible en <a href=\"https:\/\/radio.umh.es\/es\/wp-json\/wp\/v2\/posts\/107506\" class=\"qtranxs-available-language-link qtranxs-available-language-link-es\" title=\"Espa\u00f1ol\">Espanyol Europeu<\/a>.<\/p>","protected":false},"excerpt":{"rendered":"<p>Ho sent, per\u00f2 aquesta entrada nom\u00e9s est\u00e0 disponible en Espanyol Europeu.<\/p>\n","protected":false},"author":29899,"featured_media":107509,"comment_status":"closed","ping_status":"open","sticky":false,"template":"","format":"standard","meta":{"ngg_post_thumbnail":0,"_links_to":"","_links_to_target":""},"categories":[1429376],"tags":[],"publishpress_future_action":{"enabled":false,"date":"1970-01-01 01:00:00","action":"","terms":[],"taxonomy":"","browser_timezone_offset":0},"_links":{"self":[{"href":"https:\/\/radio.umh.es\/ca\/wp-json\/wp\/v2\/posts\/107506"}],"collection":[{"href":"https:\/\/radio.umh.es\/ca\/wp-json\/wp\/v2\/posts"}],"about":[{"href":"https:\/\/radio.umh.es\/ca\/wp-json\/wp\/v2\/types\/post"}],"author":[{"embeddable":true,"href":"https:\/\/radio.umh.es\/ca\/wp-json\/wp\/v2\/users\/29899"}],"replies":[{"embeddable":true,"href":"https:\/\/radio.umh.es\/ca\/wp-json\/wp\/v2\/comments?post=107506"}],"version-history":[{"count":0,"href":"https:\/\/radio.umh.es\/ca\/wp-json\/wp\/v2\/posts\/107506\/revisions"}],"wp:featuredmedia":[{"embeddable":true,"href":"https:\/\/radio.umh.es\/ca\/wp-json\/wp\/v2\/media\/107509"}],"wp:attachment":[{"href":"https:\/\/radio.umh.es\/ca\/wp-json\/wp\/v2\/media?parent=107506"}],"wp:term":[{"taxonomy":"category","embeddable":true,"href":"https:\/\/radio.umh.es\/ca\/wp-json\/wp\/v2\/categories?post=107506"},{"taxonomy":"post_tag","embeddable":true,"href":"https:\/\/radio.umh.es\/ca\/wp-json\/wp\/v2\/tags?post=107506"}],"curies":[{"name":"wp","href":"https:\/\/api.w.org\/{rel}","templated":true}]}}