{"id":107791,"date":"2025-10-16T13:35:59","date_gmt":"2025-10-16T11:35:59","guid":{"rendered":"https:\/\/radio.umh.es\/?p=107791"},"modified":"2025-10-14T07:13:35","modified_gmt":"2025-10-14T05:13:35","slug":"avanzando-hacia-una-democracia-paritaria-en-los-organos-de-los-colegios-de-abogacia-espanoles-en-pactum-16-de-octubre-de-2025","status":"publish","type":"post","link":"https:\/\/radio.umh.es\/ca\/2025\/10\/16\/avanzando-hacia-una-democracia-paritaria-en-los-organos-de-los-colegios-de-abogacia-espanoles-en-pactum-16-de-octubre-de-2025\/","title":{"rendered":"<span lang=\"es\">(Espa\u00f1ol) \u00bfAvanzando hacia una democracia paritaria en los \u00f3rganos de los Colegios de Abogac\u00eda Espa\u00f1oles?, en \u00abPactum\u00bb, 16 de octubre de 2025<\/span>"},"content":{"rendered":"<p class=\"qtranxs-available-languages-message qtranxs-available-languages-message-ca\">Ho sent, per\u00f2 aquesta entrada nom\u00e9s est\u00e0 disponible en <a href=\"https:\/\/radio.umh.es\/es\/wp-json\/wp\/v2\/posts\/107791\" class=\"qtranxs-available-language-link qtranxs-available-language-link-es\" title=\"Espa\u00f1ol\">Espanyol Europeu<\/a>.<\/p>","protected":false},"excerpt":{"rendered":"<p>Ho sent, per\u00f2 aquesta entrada nom\u00e9s est\u00e0 disponible en Espanyol Europeu.<\/p>\n","protected":false},"author":30762,"featured_media":107794,"comment_status":"closed","ping_status":"open","sticky":false,"template":"","format":"standard","meta":{"ngg_post_thumbnail":0,"_links_to":"","_links_to_target":""},"categories":[1346317],"tags":[],"publishpress_future_action":{"enabled":false,"date":"1970-01-01 01:00:00","action":"","terms":[],"taxonomy":"","browser_timezone_offset":0},"_links":{"self":[{"href":"https:\/\/radio.umh.es\/ca\/wp-json\/wp\/v2\/posts\/107791"}],"collection":[{"href":"https:\/\/radio.umh.es\/ca\/wp-json\/wp\/v2\/posts"}],"about":[{"href":"https:\/\/radio.umh.es\/ca\/wp-json\/wp\/v2\/types\/post"}],"author":[{"embeddable":true,"href":"https:\/\/radio.umh.es\/ca\/wp-json\/wp\/v2\/users\/30762"}],"replies":[{"embeddable":true,"href":"https:\/\/radio.umh.es\/ca\/wp-json\/wp\/v2\/comments?post=107791"}],"version-history":[{"count":0,"href":"https:\/\/radio.umh.es\/ca\/wp-json\/wp\/v2\/posts\/107791\/revisions"}],"wp:featuredmedia":[{"embeddable":true,"href":"https:\/\/radio.umh.es\/ca\/wp-json\/wp\/v2\/media\/107794"}],"wp:attachment":[{"href":"https:\/\/radio.umh.es\/ca\/wp-json\/wp\/v2\/media?parent=107791"}],"wp:term":[{"taxonomy":"category","embeddable":true,"href":"https:\/\/radio.umh.es\/ca\/wp-json\/wp\/v2\/categories?post=107791"},{"taxonomy":"post_tag","embeddable":true,"href":"https:\/\/radio.umh.es\/ca\/wp-json\/wp\/v2\/tags?post=107791"}],"curies":[{"name":"wp","href":"https:\/\/api.w.org\/{rel}","templated":true}]}}