{"id":108220,"date":"2025-10-17T13:25:37","date_gmt":"2025-10-17T11:25:37","guid":{"rendered":"https:\/\/radio.umh.es\/?p=108220"},"modified":"2025-10-17T10:49:49","modified_gmt":"2025-10-17T08:49:49","slug":"la-comision-de-mercado-interior-del-parlamento-europeo-pide-reforzar-las-normas-de-la-ue-para-proteger-mejor-a-los-menores-en-linea-en-flash-informativo-del-parlamento-europeo-17-de-octu","status":"publish","type":"post","link":"https:\/\/radio.umh.es\/ca\/2025\/10\/17\/la-comision-de-mercado-interior-del-parlamento-europeo-pide-reforzar-las-normas-de-la-ue-para-proteger-mejor-a-los-menores-en-linea-en-flash-informativo-del-parlamento-europeo-17-de-octu\/","title":{"rendered":"<span lang=\"es\">(Espa\u00f1ol) La Comisi\u00f3n de Mercado Interior del Parlamento Europeo pide reforzar las normas de la UE para proteger mejor a los menores en l\u00ednea, en \u00abFlash Informativo del Parlamento Europeo\u00bb, 17 de octubre de 2025<\/span>"},"content":{"rendered":"<p class=\"qtranxs-available-languages-message qtranxs-available-languages-message-ca\">Ho sent, per\u00f2 aquesta entrada nom\u00e9s est\u00e0 disponible en <a href=\"https:\/\/radio.umh.es\/es\/wp-json\/wp\/v2\/posts\/108220\" class=\"qtranxs-available-language-link qtranxs-available-language-link-es\" title=\"Espa\u00f1ol\">Espanyol Europeu<\/a>.<\/p>","protected":false},"excerpt":{"rendered":"<p>Ho sent, per\u00f2 aquesta entrada nom\u00e9s est\u00e0 disponible en Espanyol Europeu.<\/p>\n","protected":false},"author":30762,"featured_media":107885,"comment_status":"closed","ping_status":"open","sticky":false,"template":"","format":"standard","meta":{"ngg_post_thumbnail":0,"_links_to":"","_links_to_target":""},"categories":[1523432],"tags":[],"publishpress_future_action":{"enabled":false,"date":"1970-01-01 01:00:00","action":"","terms":[],"taxonomy":"","browser_timezone_offset":0},"_links":{"self":[{"href":"https:\/\/radio.umh.es\/ca\/wp-json\/wp\/v2\/posts\/108220"}],"collection":[{"href":"https:\/\/radio.umh.es\/ca\/wp-json\/wp\/v2\/posts"}],"about":[{"href":"https:\/\/radio.umh.es\/ca\/wp-json\/wp\/v2\/types\/post"}],"author":[{"embeddable":true,"href":"https:\/\/radio.umh.es\/ca\/wp-json\/wp\/v2\/users\/30762"}],"replies":[{"embeddable":true,"href":"https:\/\/radio.umh.es\/ca\/wp-json\/wp\/v2\/comments?post=108220"}],"version-history":[{"count":0,"href":"https:\/\/radio.umh.es\/ca\/wp-json\/wp\/v2\/posts\/108220\/revisions"}],"wp:featuredmedia":[{"embeddable":true,"href":"https:\/\/radio.umh.es\/ca\/wp-json\/wp\/v2\/media\/107885"}],"wp:attachment":[{"href":"https:\/\/radio.umh.es\/ca\/wp-json\/wp\/v2\/media?parent=108220"}],"wp:term":[{"taxonomy":"category","embeddable":true,"href":"https:\/\/radio.umh.es\/ca\/wp-json\/wp\/v2\/categories?post=108220"},{"taxonomy":"post_tag","embeddable":true,"href":"https:\/\/radio.umh.es\/ca\/wp-json\/wp\/v2\/tags?post=108220"}],"curies":[{"name":"wp","href":"https:\/\/api.w.org\/{rel}","templated":true}]}}