{"id":108764,"date":"2025-11-03T13:20:20","date_gmt":"2025-11-03T12:20:20","guid":{"rendered":"https:\/\/radio.umh.es\/?p=108764"},"modified":"2026-01-08T10:21:32","modified_gmt":"2026-01-08T09:21:32","slug":"nueva-edicion-de-la-semana-de-la-igualdad-de-genero-en-el-parlamento-europeo-en-flash-informativo-del-parlamento-europeo-3-de-noviembre-de-2025","status":"publish","type":"post","link":"https:\/\/radio.umh.es\/ca\/2025\/11\/03\/nueva-edicion-de-la-semana-de-la-igualdad-de-genero-en-el-parlamento-europeo-en-flash-informativo-del-parlamento-europeo-3-de-noviembre-de-2025\/","title":{"rendered":"<span lang=\"es\">(Espa\u00f1ol) nueva edici\u00f3n de la Semana de la Igualdad de G\u00e9nero en el Parlamento Europeo, en \u00abFlash Informativo del Parlamento Europeo\u00bb, 3 de noviembre de 2025<\/span>"},"content":{"rendered":"<p class=\"qtranxs-available-languages-message qtranxs-available-languages-message-ca\">Ho sent, per\u00f2 aquesta entrada nom\u00e9s est\u00e0 disponible en <a href=\"https:\/\/radio.umh.es\/es\/wp-json\/wp\/v2\/posts\/108764\" class=\"qtranxs-available-language-link qtranxs-available-language-link-es\" title=\"Espa\u00f1ol\">Espanyol Europeu<\/a>.<\/p>","protected":false},"excerpt":{"rendered":"<p>Ho sent, per\u00f2 aquesta entrada nom\u00e9s est\u00e0 disponible en Espanyol Europeu.<\/p>\n","protected":false},"author":30762,"featured_media":108563,"comment_status":"closed","ping_status":"open","sticky":false,"template":"","format":"standard","meta":{"ngg_post_thumbnail":0,"_links_to":"","_links_to_target":""},"categories":[1523432],"tags":[],"publishpress_future_action":{"enabled":false,"date":"1970-01-01 01:00:00","action":"","terms":[],"taxonomy":"","browser_timezone_offset":0},"_links":{"self":[{"href":"https:\/\/radio.umh.es\/ca\/wp-json\/wp\/v2\/posts\/108764"}],"collection":[{"href":"https:\/\/radio.umh.es\/ca\/wp-json\/wp\/v2\/posts"}],"about":[{"href":"https:\/\/radio.umh.es\/ca\/wp-json\/wp\/v2\/types\/post"}],"author":[{"embeddable":true,"href":"https:\/\/radio.umh.es\/ca\/wp-json\/wp\/v2\/users\/30762"}],"replies":[{"embeddable":true,"href":"https:\/\/radio.umh.es\/ca\/wp-json\/wp\/v2\/comments?post=108764"}],"version-history":[{"count":0,"href":"https:\/\/radio.umh.es\/ca\/wp-json\/wp\/v2\/posts\/108764\/revisions"}],"wp:featuredmedia":[{"embeddable":true,"href":"https:\/\/radio.umh.es\/ca\/wp-json\/wp\/v2\/media\/108563"}],"wp:attachment":[{"href":"https:\/\/radio.umh.es\/ca\/wp-json\/wp\/v2\/media?parent=108764"}],"wp:term":[{"taxonomy":"category","embeddable":true,"href":"https:\/\/radio.umh.es\/ca\/wp-json\/wp\/v2\/categories?post=108764"},{"taxonomy":"post_tag","embeddable":true,"href":"https:\/\/radio.umh.es\/ca\/wp-json\/wp\/v2\/tags?post=108764"}],"curies":[{"name":"wp","href":"https:\/\/api.w.org\/{rel}","templated":true}]}}