{"id":110815,"date":"2026-02-09T13:05:46","date_gmt":"2026-02-09T12:05:46","guid":{"rendered":"https:\/\/radio.umh.es\/?p=110815"},"modified":"2026-01-14T18:40:50","modified_gmt":"2026-01-14T17:40:50","slug":"la-microencapsulacion-como-estrategia-para-estabilizar-compuestos-bioactivos-de-interes-economico-y-saludable-en-retos-en-las-ondas-9-de-febrero-de-2026","status":"publish","type":"post","link":"https:\/\/radio.umh.es\/ca\/2026\/02\/09\/la-microencapsulacion-como-estrategia-para-estabilizar-compuestos-bioactivos-de-interes-economico-y-saludable-en-retos-en-las-ondas-9-de-febrero-de-2026\/","title":{"rendered":"<span lang=\"es\">(Espa\u00f1ol) La microencapsulaci\u00f3n como estrategia para estabilizar compuestos bioactivos de inter\u00e9s econ\u00f3mico y saludable, en \u00abRetos en las ondas\u00bb, 9 de febrero de 2026<\/span>"},"content":{"rendered":"<p class=\"qtranxs-available-languages-message qtranxs-available-languages-message-ca\">Ho sent, per\u00f2 aquesta entrada nom\u00e9s est\u00e0 disponible en <a href=\"https:\/\/radio.umh.es\/es\/wp-json\/wp\/v2\/posts\/110815\" class=\"qtranxs-available-language-link qtranxs-available-language-link-es\" title=\"Espa\u00f1ol\">Espanyol Europeu<\/a>.<\/p>","protected":false},"excerpt":{"rendered":"<p>Ho sent, per\u00f2 aquesta entrada nom\u00e9s est\u00e0 disponible en Espanyol Europeu.<\/p>\n","protected":false},"author":2931,"featured_media":0,"comment_status":"closed","ping_status":"open","sticky":false,"template":"","format":"standard","meta":{"ngg_post_thumbnail":0,"_links_to":"","_links_to_target":""},"categories":[55148],"tags":[],"publishpress_future_action":{"enabled":false,"date":"1970-01-01 01:00:00","action":"","terms":[],"taxonomy":"","browser_timezone_offset":0},"_links":{"self":[{"href":"https:\/\/radio.umh.es\/ca\/wp-json\/wp\/v2\/posts\/110815"}],"collection":[{"href":"https:\/\/radio.umh.es\/ca\/wp-json\/wp\/v2\/posts"}],"about":[{"href":"https:\/\/radio.umh.es\/ca\/wp-json\/wp\/v2\/types\/post"}],"author":[{"embeddable":true,"href":"https:\/\/radio.umh.es\/ca\/wp-json\/wp\/v2\/users\/2931"}],"replies":[{"embeddable":true,"href":"https:\/\/radio.umh.es\/ca\/wp-json\/wp\/v2\/comments?post=110815"}],"version-history":[{"count":0,"href":"https:\/\/radio.umh.es\/ca\/wp-json\/wp\/v2\/posts\/110815\/revisions"}],"wp:attachment":[{"href":"https:\/\/radio.umh.es\/ca\/wp-json\/wp\/v2\/media?parent=110815"}],"wp:term":[{"taxonomy":"category","embeddable":true,"href":"https:\/\/radio.umh.es\/ca\/wp-json\/wp\/v2\/categories?post=110815"},{"taxonomy":"post_tag","embeddable":true,"href":"https:\/\/radio.umh.es\/ca\/wp-json\/wp\/v2\/tags?post=110815"}],"curies":[{"name":"wp","href":"https:\/\/api.w.org\/{rel}","templated":true}]}}