{"id":110980,"date":"2026-01-21T15:05:51","date_gmt":"2026-01-21T14:05:51","guid":{"rendered":"https:\/\/radio.umh.es\/?p=110980"},"modified":"2026-01-21T10:57:30","modified_gmt":"2026-01-21T09:57:30","slug":"el-derecho-inmobiliario-y-la-situacion-actual-del-mercado-de-la-vivienda-en-espana-con-alejandro-marquez-carretero-y-la-sentencia-del-tribunal-superior-de-justicia-de-canarias-por-la-que-se-acuerda","status":"publish","type":"post","link":"https:\/\/radio.umh.es\/ca\/2026\/01\/21\/el-derecho-inmobiliario-y-la-situacion-actual-del-mercado-de-la-vivienda-en-espana-con-alejandro-marquez-carretero-y-la-sentencia-del-tribunal-superior-de-justicia-de-canarias-por-la-que-se-acuerda\/","title":{"rendered":"<span lang=\"es\">(Espa\u00f1ol) El Derecho Inmobiliario y la situaci\u00f3n actual del mercado de la vivienda en Espa\u00f1a, con Alejandro M\u00e1rquez Carretero, y la sentencia del Tribunal Superior de Justicia de Canarias por la que se acuerda investigar si un abogado cit\u00f3 sentencias inexistentes sugeridas por IA, en \u201cFrecuencia Legal\u201d, 21 de enero de 2026<\/span>"},"content":{"rendered":"<p class=\"qtranxs-available-languages-message qtranxs-available-languages-message-ca\">Ho sent, per\u00f2 aquesta entrada nom\u00e9s est\u00e0 disponible en <a href=\"https:\/\/radio.umh.es\/es\/wp-json\/wp\/v2\/posts\/110980\" class=\"qtranxs-available-language-link qtranxs-available-language-link-es\" title=\"Espa\u00f1ol\">Espanyol Europeu<\/a>.<\/p>","protected":false},"excerpt":{"rendered":"<p>Ho sent, per\u00f2 aquesta entrada nom\u00e9s est\u00e0 disponible en Espanyol Europeu.<\/p>\n","protected":false},"author":30762,"featured_media":0,"comment_status":"closed","ping_status":"open","sticky":false,"template":"","format":"standard","meta":{"ngg_post_thumbnail":0,"_links_to":"","_links_to_target":""},"categories":[1429376],"tags":[],"publishpress_future_action":{"enabled":false,"date":"1970-01-01 01:00:00","action":"","terms":[],"taxonomy":"","browser_timezone_offset":0},"_links":{"self":[{"href":"https:\/\/radio.umh.es\/ca\/wp-json\/wp\/v2\/posts\/110980"}],"collection":[{"href":"https:\/\/radio.umh.es\/ca\/wp-json\/wp\/v2\/posts"}],"about":[{"href":"https:\/\/radio.umh.es\/ca\/wp-json\/wp\/v2\/types\/post"}],"author":[{"embeddable":true,"href":"https:\/\/radio.umh.es\/ca\/wp-json\/wp\/v2\/users\/30762"}],"replies":[{"embeddable":true,"href":"https:\/\/radio.umh.es\/ca\/wp-json\/wp\/v2\/comments?post=110980"}],"version-history":[{"count":0,"href":"https:\/\/radio.umh.es\/ca\/wp-json\/wp\/v2\/posts\/110980\/revisions"}],"wp:attachment":[{"href":"https:\/\/radio.umh.es\/ca\/wp-json\/wp\/v2\/media?parent=110980"}],"wp:term":[{"taxonomy":"category","embeddable":true,"href":"https:\/\/radio.umh.es\/ca\/wp-json\/wp\/v2\/categories?post=110980"},{"taxonomy":"post_tag","embeddable":true,"href":"https:\/\/radio.umh.es\/ca\/wp-json\/wp\/v2\/tags?post=110980"}],"curies":[{"name":"wp","href":"https:\/\/api.w.org\/{rel}","templated":true}]}}