{"id":111383,"date":"2026-02-03T15:05:00","date_gmt":"2026-02-03T14:05:00","guid":{"rendered":"https:\/\/radio.umh.es\/?p=111383"},"modified":"2026-02-04T10:17:33","modified_gmt":"2026-02-04T09:17:33","slug":"cuartos-de-final-del-campeonato-autonomico-de-deporte-universitario-25-26-umh-ucv-umh-uch-umh-upv-en-cadusel-3-de-febrero-de-2026","status":"publish","type":"post","link":"https:\/\/radio.umh.es\/ca\/2026\/02\/03\/cuartos-de-final-del-campeonato-autonomico-de-deporte-universitario-25-26-umh-ucv-umh-uch-umh-upv-en-cadusel-3-de-febrero-de-2026\/","title":{"rendered":"<span lang=\"es\">(Espa\u00f1ol) Cuartos de final del Campeonato Auton\u00f3mico de Deporte Universitario 25\/26, UMH-UCV &amp; UMH-UCH &amp; UMH-UPV, en \u00abCadusel\u00bb, 3 de febrero de 2026<\/span>"},"content":{"rendered":"<p class=\"qtranxs-available-languages-message qtranxs-available-languages-message-ca\">Ho sent, per\u00f2 aquesta entrada nom\u00e9s est\u00e0 disponible en <a href=\"https:\/\/radio.umh.es\/es\/wp-json\/wp\/v2\/posts\/111383\" class=\"qtranxs-available-language-link qtranxs-available-language-link-es\" title=\"Espa\u00f1ol\">Espanyol Europeu<\/a>.<\/p>","protected":false},"excerpt":{"rendered":"<p>Ho sent, per\u00f2 aquesta entrada nom\u00e9s est\u00e0 disponible en Espanyol Europeu.<\/p>\n","protected":false},"author":32115,"featured_media":111386,"comment_status":"closed","ping_status":"open","sticky":false,"template":"","format":"standard","meta":{"ngg_post_thumbnail":0,"_links_to":"","_links_to_target":""},"categories":[797],"tags":[],"publishpress_future_action":{"enabled":false,"date":"1970-01-01 01:00:00","action":"","terms":[],"taxonomy":"","browser_timezone_offset":0},"_links":{"self":[{"href":"https:\/\/radio.umh.es\/ca\/wp-json\/wp\/v2\/posts\/111383"}],"collection":[{"href":"https:\/\/radio.umh.es\/ca\/wp-json\/wp\/v2\/posts"}],"about":[{"href":"https:\/\/radio.umh.es\/ca\/wp-json\/wp\/v2\/types\/post"}],"author":[{"embeddable":true,"href":"https:\/\/radio.umh.es\/ca\/wp-json\/wp\/v2\/users\/32115"}],"replies":[{"embeddable":true,"href":"https:\/\/radio.umh.es\/ca\/wp-json\/wp\/v2\/comments?post=111383"}],"version-history":[{"count":0,"href":"https:\/\/radio.umh.es\/ca\/wp-json\/wp\/v2\/posts\/111383\/revisions"}],"wp:featuredmedia":[{"embeddable":true,"href":"https:\/\/radio.umh.es\/ca\/wp-json\/wp\/v2\/media\/111386"}],"wp:attachment":[{"href":"https:\/\/radio.umh.es\/ca\/wp-json\/wp\/v2\/media?parent=111383"}],"wp:term":[{"taxonomy":"category","embeddable":true,"href":"https:\/\/radio.umh.es\/ca\/wp-json\/wp\/v2\/categories?post=111383"},{"taxonomy":"post_tag","embeddable":true,"href":"https:\/\/radio.umh.es\/ca\/wp-json\/wp\/v2\/tags?post=111383"}],"curies":[{"name":"wp","href":"https:\/\/api.w.org\/{rel}","templated":true}]}}