{"id":111880,"date":"2026-02-18T15:05:01","date_gmt":"2026-02-18T14:05:01","guid":{"rendered":"https:\/\/radio.umh.es\/?p=111880"},"modified":"2026-02-19T09:32:18","modified_gmt":"2026-02-19T08:32:18","slug":"el-sistema-notarial-y-registral-en-espana-con-rafael-contreras-bernier-y-el-indice-irph-a-raiz-de-las-primeras-sentencias-del-ts-tras-los-pronunciamientos-del-tjue-en-la-materia-en-frecuen","status":"publish","type":"post","link":"https:\/\/radio.umh.es\/ca\/2026\/02\/18\/el-sistema-notarial-y-registral-en-espana-con-rafael-contreras-bernier-y-el-indice-irph-a-raiz-de-las-primeras-sentencias-del-ts-tras-los-pronunciamientos-del-tjue-en-la-materia-en-frecuen\/","title":{"rendered":"El Sistema notarial y registral en Espa\u00f1a, con Rafael Contreras Bernier, y el \u00edndice IRPH a ra\u00edz de las primeras sentencias del TS tras los pronunciamientos del TJUE en la materia, en \u201cFrecuencia Legal\u201d, 18 de febrero de 2026"},"content":{"rendered":"<p><a href=\"https:\/\/radio.umh.es\/files\/2026\/02\/180226-Podcast-FRECUENCIA-LEGAL.mp3\">180226 Podcast FRECUENCIA LEGAL<\/a><a href=\"https:\/\/radio.umh.es\/files\/2026\/02\/IMG_4029-scaled.jpeg\"><img loading=\"lazy\" class=\"size-medium wp-image-111883 alignleft\" src=\"https:\/\/radio.umh.es\/files\/2026\/02\/IMG_4029-300x225.jpeg\" alt=\"\" width=\"300\" height=\"225\" srcset=\"https:\/\/radio.umh.es\/files\/2026\/02\/IMG_4029-300x225.jpeg 300w, https:\/\/radio.umh.es\/files\/2026\/02\/IMG_4029-1024x768.jpeg 1024w, https:\/\/radio.umh.es\/files\/2026\/02\/IMG_4029-768x576.jpeg 768w, https:\/\/radio.umh.es\/files\/2026\/02\/IMG_4029-1536x1152.jpeg 1536w, https:\/\/radio.umh.es\/files\/2026\/02\/IMG_4029-2048x1536.jpeg 2048w\" sizes=\"(max-width: 300px) 100vw, 300px\" \/><\/a><\/p>\n<p>\u00a1Bienvenidos al vig\u00e9simo quinto episodio de Frecuencia Legal!<\/p>\n<p>Frecuencia Legal es un programa de divulgaci\u00f3n cient\u00edfica del \u00e1mbito jur\u00eddico, que se sumerge en el apasionante mundo del Derecho con una mirada abierta y que aborda los asuntos con un lenguaje accesible para todos los p\u00fablicos.<\/p>\n<p>En sus diferentes secciones pone el foco en diversos temas jur\u00eddicos interesantes, curiosos o de actualidad y ofrece, adem\u00e1s, una tertulia con personas relevantes del mundo de las leyes.<\/p>\n<p>En este segundo programa del 2026, hemos reflexionado sobre las primeras sentencias del Tribunal Supremo sobre el \u00edndice IRPH, tras los pronunciamientos del Tribunal de Justicia de la Uni\u00f3n Europea en esta materia<\/p>\n<p>En la secci\u00f3n de la Cl\u00ednica Jur\u00eddica, Street Law, la Profa. Mar\u00eda del Carmen Ortiz del Valle nos ha hablado sobre las Mutuas de Seguro y el Prof. Carlos Soler Samper nos ha hablado sobre el Expediente de Regulaci\u00f3n de Empleo (conocido como ERE).<\/p>\n<p>En la tertulia jur\u00eddica, hemos tenido la oportunidad de charlar con Rafael Contreras Bernier, notario en Tarragona, quien nos ha sobre las particularidades y funciones del sistema notarial y registral en Espa\u00f1a.<\/p>\n<p>Este espacio de Radio UMH se escucha en uno de los mi\u00e9rcoles de la segunda quincena de cada mes, a partir de las 14:00 horas, dirigido y coordinado en sus distintas secciones por los Profesores del \u00c1rea de Derecho Mercantil Jos\u00e9 Carlos Espigares Huete, Mar\u00eda del Carmen Ortiz del Valle y Carlos Soler Samper.<\/p>\n<div class='bookmarkify'><a name='bookmarkify'><\/a><link rel='stylesheet' type='text\/css' href='https:\/\/radio.umh.es\/wp-content\/plugins\/bookmarkify\/more.css' \/><div class='bookmarkifyMoreWindow' id='bookmarkifyMore1' style='display:none;position:absolute;'><div class='bookmarkifyMoreWindowHeader'><a rel='nofollow' href='https:\/\/radio.umh.es\/ca\/2026\/02\/18\/el-sistema-notarial-y-registral-en-espana-con-rafael-contreras-bernier-y-el-indice-irph-a-raiz-de-las-primeras-sentencias-del-ts-tras-los-pronunciamientos-del-tjue-en-la-materia-en-frecuen\/#bookmarkify' onclick='document.getElementById(\"bookmarkifyMore1\").style.display=\"none\"; return false;'>Close<span class='bookmarkifyCloseIcon' style='background-image: url(https:\/\/radio.umh.es\/wp-content\/plugins\/bookmarkify\/imagecol.png); background-position:0px -1037px;'>&nbsp;<\/span><\/a>Bookmark and Share This Page <\/div><div class='bookmarkifySaveToBrowser'><a rel='nofollow' href='https:\/\/radio.umh.es\/ca\/2026\/02\/18\/el-sistema-notarial-y-registral-en-espana-con-rafael-contreras-bernier-y-el-indice-irph-a-raiz-de-las-primeras-sentencias-del-ts-tras-los-pronunciamientos-del-tjue-en-la-materia-en-frecuen\/#bookmarkify' onclick='javascript:if(document.all){window.external.AddFavorite(\"https:\/\/radio.umh.es\/ca\/2026\/02\/18\/el-sistema-notarial-y-registral-en-espana-con-rafael-contreras-bernier-y-el-indice-irph-a-raiz-de-las-primeras-sentencias-del-ts-tras-los-pronunciamientos-del-tjue-en-la-materia-en-frecuen\/\", \"El Sistema notarial y registral en Espa\u00f1a, con Rafael Contreras Bernier, y el \u00edndice IRPH a ra\u00edz de las primeras sentencias del TS tras los pronunciamientos del TJUE en la materia, en \u201cFrecuencia Legal\u201d, 18 de febrero de 2026\");} else if(window.sidebar){window.sidebar.addPanel(\"El Sistema notarial y registral en Espa\u00f1a, con Rafael Contreras Bernier, y el \u00edndice IRPH a ra\u00edz de las primeras sentencias del TS tras los pronunciamientos del TJUE en la materia, en \u201cFrecuencia Legal\u201d, 18 de febrero de 2026\", \"https:\/\/radio.umh.es\/ca\/2026\/02\/18\/el-sistema-notarial-y-registral-en-espana-con-rafael-contreras-bernier-y-el-indice-irph-a-raiz-de-las-primeras-sentencias-del-ts-tras-los-pronunciamientos-del-tjue-en-la-materia-en-frecuen\/\", \"\");}return false;' style='background-image: url(https:\/\/radio.umh.es\/wp-content\/plugins\/bookmarkify\/imagecol.png); background-position:0px -986px;'>Save to Browser Favorites \/ Bookmarks<\/a><\/div><div class='bookmarkifySiteLinks'><table cellspacing='3'><tr><td><div class='bookmarkifySiteLink'><a onclick='target=\"_blank\";' href='http:\/\/myjeeves.ask.com\/mysearch\/BookmarkIt?v=1.2&amp;t=webpages&amp;url=https:\/\/radio.umh.es\/ca\/2026\/02\/18\/el-sistema-notarial-y-registral-en-espana-con-rafael-contreras-bernier-y-el-indice-irph-a-raiz-de-las-primeras-sentencias-del-ts-tras-los-pronunciamientos-del-tjue-en-la-materia-en-frecuen\/&amp;title=El Sistema notarial y registral en Espa\u00f1a, con Rafael Contreras Bernier, y el \u00edndice IRPH a ra\u00edz de las primeras sentencias del TS tras los pronunciamientos del TJUE en la materia, en \u201cFrecuencia Legal\u201d, 18 de febrero de 2026' title='Save to Ask' rel='nofollow' style='background-image: url(https:\/\/radio.umh.es\/wp-content\/plugins\/bookmarkify\/imagecol.png); background-position:0px -0px'>Ask<\/a><\/div><div class='bookmarkifySiteLink'><a onclick='target=\"_blank\";' href='http:\/\/www.backflip.com\/add_page_pop.ihtml?url=https:\/\/radio.umh.es\/ca\/2026\/02\/18\/el-sistema-notarial-y-registral-en-espana-con-rafael-contreras-bernier-y-el-indice-irph-a-raiz-de-las-primeras-sentencias-del-ts-tras-los-pronunciamientos-del-tjue-en-la-materia-en-frecuen\/&amp;title=El Sistema notarial y registral en Espa\u00f1a, con Rafael Contreras Bernier, y el \u00edndice IRPH a ra\u00edz de las primeras sentencias del TS tras los pronunciamientos del TJUE en la materia, en \u201cFrecuencia Legal\u201d, 18 de febrero de 2026' title='Save to backflip' rel='nofollow' style='background-image: url(https:\/\/radio.umh.es\/wp-content\/plugins\/bookmarkify\/imagecol.png); background-position:0px -17px'>backflip<\/a><\/div><div class='bookmarkifySiteLink'><a onclick='target=\"_blank\";' href='http:\/\/blinklist.com\/index.php?Action=Blink\/addblink.php&amp;Url=https:\/\/radio.umh.es\/ca\/2026\/02\/18\/el-sistema-notarial-y-registral-en-espana-con-rafael-contreras-bernier-y-el-indice-irph-a-raiz-de-las-primeras-sentencias-del-ts-tras-los-pronunciamientos-del-tjue-en-la-materia-en-frecuen\/&amp;Title=El Sistema notarial y registral en Espa\u00f1a, con Rafael Contreras Bernier, y el \u00edndice IRPH a ra\u00edz de las primeras sentencias del TS tras los pronunciamientos del TJUE en la materia, en \u201cFrecuencia Legal\u201d, 18 de febrero de 2026' title='Save to blinklist' rel='nofollow' style='background-image: url(https:\/\/radio.umh.es\/wp-content\/plugins\/bookmarkify\/imagecol.png); background-position:0px -34px'>blinklist<\/a><\/div><div class='bookmarkifySiteLink'><a onclick='target=\"_blank\";' href='http:\/\/www.blogbookmark.com\/submit.php?url=https:\/\/radio.umh.es\/ca\/2026\/02\/18\/el-sistema-notarial-y-registral-en-espana-con-rafael-contreras-bernier-y-el-indice-irph-a-raiz-de-las-primeras-sentencias-del-ts-tras-los-pronunciamientos-del-tjue-en-la-materia-en-frecuen\/' title='Save to BlogBookmark' rel='nofollow' style='background-image: url(https:\/\/radio.umh.es\/wp-content\/plugins\/bookmarkify\/imagecol.png); background-position:0px -51px'>BlogBookmark<\/a><\/div><div class='bookmarkifySiteLink'><a onclick='target=\"_blank\";' href='http:\/\/www.bloglines.com\/sub\/https:\/\/radio.umh.es\/ca\/2026\/02\/18\/el-sistema-notarial-y-registral-en-espana-con-rafael-contreras-bernier-y-el-indice-irph-a-raiz-de-las-primeras-sentencias-del-ts-tras-los-pronunciamientos-del-tjue-en-la-materia-en-frecuen\/' title='Save to Bloglines' rel='nofollow' style='background-image: url(https:\/\/radio.umh.es\/wp-content\/plugins\/bookmarkify\/imagecol.png); background-position:0px -68px'>Bloglines<\/a><\/div><div class='bookmarkifySiteLink'><a onclick='target=\"_blank\";' href='http:\/\/blogmarks.net\/my\/new.php?mini=1&amp;simple=1&amp;url=https:\/\/radio.umh.es\/ca\/2026\/02\/18\/el-sistema-notarial-y-registral-en-espana-con-rafael-contreras-bernier-y-el-indice-irph-a-raiz-de-las-primeras-sentencias-del-ts-tras-los-pronunciamientos-del-tjue-en-la-materia-en-frecuen\/&amp;title=El Sistema notarial y registral en Espa\u00f1a, con Rafael Contreras Bernier, y el \u00edndice IRPH a ra\u00edz de las primeras sentencias del TS tras los pronunciamientos del TJUE en la materia, en \u201cFrecuencia Legal\u201d, 18 de febrero de 2026' title='Save to BlogMarks' rel='nofollow' style='background-image: url(https:\/\/radio.umh.es\/wp-content\/plugins\/bookmarkify\/imagecol.png); background-position:0px -85px'>BlogMarks<\/a><\/div><div class='bookmarkifySiteLink'><a onclick='target=\"_blank\";' href='http:\/\/www.blogsvine.com\/submit.php?url=https:\/\/radio.umh.es\/ca\/2026\/02\/18\/el-sistema-notarial-y-registral-en-espana-con-rafael-contreras-bernier-y-el-indice-irph-a-raiz-de-las-primeras-sentencias-del-ts-tras-los-pronunciamientos-del-tjue-en-la-materia-en-frecuen\/' title='Save to Blogsvine' rel='nofollow' style='background-image: url(https:\/\/radio.umh.es\/wp-content\/plugins\/bookmarkify\/imagecol.png); background-position:0px -102px'>Blogsvine<\/a><\/div><div class='bookmarkifySiteLink'><a onclick='target=\"_blank\";' href='http:\/\/www.buddymarks.com\/add_bookmark.php?bookmark_title=El Sistema notarial y registral en Espa\u00f1a, con Rafael Contreras Bernier, y el \u00edndice IRPH a ra\u00edz de las primeras sentencias del TS tras los pronunciamientos del TJUE en la materia, en \u201cFrecuencia Legal\u201d, 18 de febrero de 2026&amp;bookmark_url=https:\/\/radio.umh.es\/ca\/2026\/02\/18\/el-sistema-notarial-y-registral-en-espana-con-rafael-contreras-bernier-y-el-indice-irph-a-raiz-de-las-primeras-sentencias-del-ts-tras-los-pronunciamientos-del-tjue-en-la-materia-en-frecuen\/' title='BuddyMark It' rel='nofollow' style='background-image: url(https:\/\/radio.umh.es\/wp-content\/plugins\/bookmarkify\/imagecol.png); background-position:0px -119px'>BuddyMarks<\/a><\/div><div class='bookmarkifySiteLink'><a onclick='target=\"_blank\";' href='http:\/\/www.bumpzee.com\/bump.php?u=https:\/\/radio.umh.es\/ca\/2026\/02\/18\/el-sistema-notarial-y-registral-en-espana-con-rafael-contreras-bernier-y-el-indice-irph-a-raiz-de-las-primeras-sentencias-del-ts-tras-los-pronunciamientos-del-tjue-en-la-materia-en-frecuen\/' title='Save to BUMPzee!' rel='nofollow' style='background-image: url(https:\/\/radio.umh.es\/wp-content\/plugins\/bookmarkify\/imagecol.png); background-position:0px -136px'>BUMPzee!<\/a><\/div><div class='bookmarkifySiteLink'><a onclick='target=\"_blank\";' href='http:\/\/www.citeulike.org\/posturl?url=https:\/\/radio.umh.es\/ca\/2026\/02\/18\/el-sistema-notarial-y-registral-en-espana-con-rafael-contreras-bernier-y-el-indice-irph-a-raiz-de-las-primeras-sentencias-del-ts-tras-los-pronunciamientos-del-tjue-en-la-materia-en-frecuen\/&amp;title=El Sistema notarial y registral en Espa\u00f1a, con Rafael Contreras Bernier, y el \u00edndice IRPH a ra\u00edz de las primeras sentencias del TS tras los pronunciamientos del TJUE en la materia, en \u201cFrecuencia Legal\u201d, 18 de febrero de 2026' title='Save to CiteULike' rel='nofollow' style='background-image: url(https:\/\/radio.umh.es\/wp-content\/plugins\/bookmarkify\/imagecol.png); background-position:0px -153px'>CiteULike<\/a><\/div><div class='bookmarkifySiteLink'><a onclick='target=\"_blank\";' href='http:\/\/www.connotea.org\/addpopup?continue=confirm&amp;uri=https:\/\/radio.umh.es\/ca\/2026\/02\/18\/el-sistema-notarial-y-registral-en-espana-con-rafael-contreras-bernier-y-el-indice-irph-a-raiz-de-las-primeras-sentencias-del-ts-tras-los-pronunciamientos-del-tjue-en-la-materia-en-frecuen\/&amp;title=El Sistema notarial y registral en Espa\u00f1a, con Rafael Contreras Bernier, y el \u00edndice IRPH a ra\u00edz de las primeras sentencias del TS tras los pronunciamientos del TJUE en la materia, en \u201cFrecuencia Legal\u201d, 18 de febrero de 2026' title='Save to Connotea' rel='nofollow' style='background-image: url(https:\/\/radio.umh.es\/wp-content\/plugins\/bookmarkify\/imagecol.png); background-position:0px -187px'>Connotea<\/a><\/div><div class='bookmarkifySiteLink'><a onclick='target=\"_blank\";' href='http:\/\/del.icio.us\/post?url=https:\/\/radio.umh.es\/ca\/2026\/02\/18\/el-sistema-notarial-y-registral-en-espana-con-rafael-contreras-bernier-y-el-indice-irph-a-raiz-de-las-primeras-sentencias-del-ts-tras-los-pronunciamientos-del-tjue-en-la-materia-en-frecuen\/&amp;title=El Sistema notarial y registral en Espa\u00f1a, con Rafael Contreras Bernier, y el \u00edndice IRPH a ra\u00edz de las primeras sentencias del TS tras los pronunciamientos del TJUE en la materia, en \u201cFrecuencia Legal\u201d, 18 de febrero de 2026' title='Save to del.icio.us' rel='nofollow' style='background-image: url(https:\/\/radio.umh.es\/wp-content\/plugins\/bookmarkify\/imagecol.png); background-position:0px -204px'>del.icio.us<\/a><\/div><\/td><td><div class='bookmarkifySiteLink'><a onclick='target=\"_blank\";' href='http:\/\/digg.com\/submit?phase=2&amp;url=https:\/\/radio.umh.es\/ca\/2026\/02\/18\/el-sistema-notarial-y-registral-en-espana-con-rafael-contreras-bernier-y-el-indice-irph-a-raiz-de-las-primeras-sentencias-del-ts-tras-los-pronunciamientos-del-tjue-en-la-materia-en-frecuen\/&amp;title=El Sistema notarial y registral en Espa\u00f1a, con Rafael Contreras Bernier, y el \u00edndice IRPH a ra\u00edz de las primeras sentencias del TS tras los pronunciamientos del TJUE en la materia, en \u201cFrecuencia Legal\u201d, 18 de febrero de 2026' title='Digg It!' rel='nofollow' style='background-image: url(https:\/\/radio.umh.es\/wp-content\/plugins\/bookmarkify\/imagecol.png); background-position:0px -221px'>Digg<\/a><\/div><div class='bookmarkifySiteLink'><a onclick='target=\"_blank\";' href='http:\/\/www.diigo.com\/post?url=https:\/\/radio.umh.es\/ca\/2026\/02\/18\/el-sistema-notarial-y-registral-en-espana-con-rafael-contreras-bernier-y-el-indice-irph-a-raiz-de-las-primeras-sentencias-del-ts-tras-los-pronunciamientos-del-tjue-en-la-materia-en-frecuen\/&amp;title=El Sistema notarial y registral en Espa\u00f1a, con Rafael Contreras Bernier, y el \u00edndice IRPH a ra\u00edz de las primeras sentencias del TS tras los pronunciamientos del TJUE en la materia, en \u201cFrecuencia Legal\u201d, 18 de febrero de 2026' title='Save to diigo' rel='nofollow' style='background-image: url(https:\/\/radio.umh.es\/wp-content\/plugins\/bookmarkify\/imagecol.png); background-position:0px -238px'>diigo<\/a><\/div><div class='bookmarkifySiteLink'><a onclick='target=\"_blank\";' href='http:\/\/www.dotnetkicks.com\/kick\/?url=https:\/\/radio.umh.es\/ca\/2026\/02\/18\/el-sistema-notarial-y-registral-en-espana-con-rafael-contreras-bernier-y-el-indice-irph-a-raiz-de-las-primeras-sentencias-del-ts-tras-los-pronunciamientos-del-tjue-en-la-materia-en-frecuen\/&amp;title=El Sistema notarial y registral en Espa\u00f1a, con Rafael Contreras Bernier, y el \u00edndice IRPH a ra\u00edz de las primeras sentencias del TS tras los pronunciamientos del TJUE en la materia, en \u201cFrecuencia Legal\u201d, 18 de febrero de 2026' title='Save to DotNetKicks' rel='nofollow' style='background-image: url(https:\/\/radio.umh.es\/wp-content\/plugins\/bookmarkify\/imagecol.png); background-position:0px -255px'>DotNetKicks<\/a><\/div><div class='bookmarkifySiteLink'><a onclick='target=\"_blank\";' href='http:\/\/www.dropjack.com\/submit.php?url=https:\/\/radio.umh.es\/ca\/2026\/02\/18\/el-sistema-notarial-y-registral-en-espana-con-rafael-contreras-bernier-y-el-indice-irph-a-raiz-de-las-primeras-sentencias-del-ts-tras-los-pronunciamientos-del-tjue-en-la-materia-en-frecuen\/' title='Save to DropJack' rel='nofollow' style='background-image: url(https:\/\/radio.umh.es\/wp-content\/plugins\/bookmarkify\/imagecol.png); background-position:0px -272px'>DropJack<\/a><\/div><div class='bookmarkifySiteLink'><a onclick='target=\"_blank\";' href='http:\/\/www.dzone.com\/links\/add.html?description=El Sistema notarial y registral en Espa\u00f1a, con Rafael Contreras Bernier, y el \u00edndice IRPH a ra\u00edz de las primeras sentencias del TS tras los pronunciamientos del TJUE en la materia, en \u201cFrecuencia Legal\u201d, 18 de febrero de 2026&amp;url=https:\/\/radio.umh.es\/ca\/2026\/02\/18\/el-sistema-notarial-y-registral-en-espana-con-rafael-contreras-bernier-y-el-indice-irph-a-raiz-de-las-primeras-sentencias-del-ts-tras-los-pronunciamientos-del-tjue-en-la-materia-en-frecuen\/&amp;title=El Sistema notarial y registral en Espa\u00f1a, con Rafael Contreras Bernier, y el \u00edndice IRPH a ra\u00edz de las primeras sentencias del TS tras los pronunciamientos del TJUE en la materia, en \u201cFrecuencia Legal\u201d, 18 de febrero de 2026' title='Save to dzone' rel='nofollow' style='background-image: url(https:\/\/radio.umh.es\/wp-content\/plugins\/bookmarkify\/imagecol.png); background-position:0px -289px'>dzone<\/a><\/div><div class='bookmarkifySiteLink'><a onclick='target=\"_blank\";' href='http:\/\/www.facebook.com\/share.php?u=https:\/\/radio.umh.es\/ca\/2026\/02\/18\/el-sistema-notarial-y-registral-en-espana-con-rafael-contreras-bernier-y-el-indice-irph-a-raiz-de-las-primeras-sentencias-del-ts-tras-los-pronunciamientos-del-tjue-en-la-materia-en-frecuen\/' title='Save to Facebook' rel='nofollow' style='background-image: url(https:\/\/radio.umh.es\/wp-content\/plugins\/bookmarkify\/imagecol.png); background-position:0px -306px'>Facebook<\/a><\/div><div class='bookmarkifySiteLink'><a onclick='target=\"_blank\";' href='http:\/\/cgi.fark.com\/cgi\/fark\/farkit.pl?u=https:\/\/radio.umh.es\/ca\/2026\/02\/18\/el-sistema-notarial-y-registral-en-espana-con-rafael-contreras-bernier-y-el-indice-irph-a-raiz-de-las-primeras-sentencias-del-ts-tras-los-pronunciamientos-del-tjue-en-la-materia-en-frecuen\/&amp;h=El Sistema notarial y registral en Espa\u00f1a, con Rafael Contreras Bernier, y el \u00edndice IRPH a ra\u00edz de las primeras sentencias del TS tras los pronunciamientos del TJUE en la materia, en \u201cFrecuencia Legal\u201d, 18 de febrero de 2026' title='FarkIt!' rel='nofollow' style='background-image: url(https:\/\/radio.umh.es\/wp-content\/plugins\/bookmarkify\/imagecol.png); background-position:0px -323px'>Fark<\/a><\/div><div class='bookmarkifySiteLink'><a onclick='target=\"_blank\";' href='http:\/\/faves.com\/Authoring.aspx?u=https:\/\/radio.umh.es\/ca\/2026\/02\/18\/el-sistema-notarial-y-registral-en-espana-con-rafael-contreras-bernier-y-el-indice-irph-a-raiz-de-las-primeras-sentencias-del-ts-tras-los-pronunciamientos-del-tjue-en-la-materia-en-frecuen\/&amp;t=El Sistema notarial y registral en Espa\u00f1a, con Rafael Contreras Bernier, y el \u00edndice IRPH a ra\u00edz de las primeras sentencias del TS tras los pronunciamientos del TJUE en la materia, en \u201cFrecuencia Legal\u201d, 18 de febrero de 2026' title='Save to Faves' rel='nofollow' style='background-image: url(https:\/\/radio.umh.es\/wp-content\/plugins\/bookmarkify\/imagecol.png); background-position:0px -340px'>Faves<\/a><\/div><div class='bookmarkifySiteLink'><a onclick='target=\"_blank\";' href='http:\/\/friendsite.com\/users\/bookmark\/?u=https:\/\/radio.umh.es\/ca\/2026\/02\/18\/el-sistema-notarial-y-registral-en-espana-con-rafael-contreras-bernier-y-el-indice-irph-a-raiz-de-las-primeras-sentencias-del-ts-tras-los-pronunciamientos-del-tjue-en-la-materia-en-frecuen\/&amp;t=El Sistema notarial y registral en Espa\u00f1a, con Rafael Contreras Bernier, y el \u00edndice IRPH a ra\u00edz de las primeras sentencias del TS tras los pronunciamientos del TJUE en la materia, en \u201cFrecuencia Legal\u201d, 18 de febrero de 2026' title='Save to Friendsite' rel='nofollow' style='background-image: url(https:\/\/radio.umh.es\/wp-content\/plugins\/bookmarkify\/imagecol.png); background-position:0px -391px'>Friendsite<\/a><\/div><div class='bookmarkifySiteLink'><a onclick='target=\"_blank\";' href='http:\/\/www.folkd.com\/submit\/https:\/\/radio.umh.es\/ca\/2026\/02\/18\/el-sistema-notarial-y-registral-en-espana-con-rafael-contreras-bernier-y-el-indice-irph-a-raiz-de-las-primeras-sentencias-del-ts-tras-los-pronunciamientos-del-tjue-en-la-materia-en-frecuen\/' title='Save to folkd.com' rel='nofollow' style='background-image: url(https:\/\/radio.umh.es\/wp-content\/plugins\/bookmarkify\/imagecol.png); background-position:0px -374px'>folkd.com<\/a><\/div><div class='bookmarkifySiteLink'><a onclick='target=\"_blank\";' href='http:\/\/www.furl.net\/storeIt.jsp?u=https:\/\/radio.umh.es\/ca\/2026\/02\/18\/el-sistema-notarial-y-registral-en-espana-con-rafael-contreras-bernier-y-el-indice-irph-a-raiz-de-las-primeras-sentencias-del-ts-tras-los-pronunciamientos-del-tjue-en-la-materia-en-frecuen\/&amp;t=El Sistema notarial y registral en Espa\u00f1a, con Rafael Contreras Bernier, y el \u00edndice IRPH a ra\u00edz de las primeras sentencias del TS tras los pronunciamientos del TJUE en la materia, en \u201cFrecuencia Legal\u201d, 18 de febrero de 2026' title='Save to Furl' rel='nofollow' style='background-image: url(https:\/\/radio.umh.es\/wp-content\/plugins\/bookmarkify\/imagecol.png); background-position:0px -408px'>Furl<\/a><\/div><div class='bookmarkifySiteLink'><a onclick='target=\"_blank\";' href='http:\/\/www.google.com\/bookmarks\/mark?op=edit&amp;output=popup&amp;bkmk=https:\/\/radio.umh.es\/ca\/2026\/02\/18\/el-sistema-notarial-y-registral-en-espana-con-rafael-contreras-bernier-y-el-indice-irph-a-raiz-de-las-primeras-sentencias-del-ts-tras-los-pronunciamientos-del-tjue-en-la-materia-en-frecuen\/&amp;title=El Sistema notarial y registral en Espa\u00f1a, con Rafael Contreras Bernier, y el \u00edndice IRPH a ra\u00edz de las primeras sentencias del TS tras los pronunciamientos del TJUE en la materia, en \u201cFrecuencia Legal\u201d, 18 de febrero de 2026' title='Save to Google Bookmarks' rel='nofollow' style='background-image: url(https:\/\/radio.umh.es\/wp-content\/plugins\/bookmarkify\/imagecol.png); background-position:0px -425px'>Google<\/a><\/div><\/td><td><div class='bookmarkifySiteLink'><a onclick='target=\"_blank\";' href='http:\/\/www.jamespot.com\/?action=spotit&url=https:\/\/radio.umh.es\/ca\/2026\/02\/18\/el-sistema-notarial-y-registral-en-espana-con-rafael-contreras-bernier-y-el-indice-irph-a-raiz-de-las-primeras-sentencias-del-ts-tras-los-pronunciamientos-del-tjue-en-la-materia-en-frecuen\/' title='Spot It!' rel='nofollow' style='background-image: url(https:\/\/radio.umh.es\/wp-content\/plugins\/bookmarkify\/imagecol.png); background-position:0px -1122px'>Jamespot<\/a><\/div><div class='bookmarkifySiteLink'><a onclick='target=\"_blank\";' href='http:\/\/www.jeqq.com\/submit.php?url==https:\/\/radio.umh.es\/ca\/2026\/02\/18\/el-sistema-notarial-y-registral-en-espana-con-rafael-contreras-bernier-y-el-indice-irph-a-raiz-de-las-primeras-sentencias-del-ts-tras-los-pronunciamientos-del-tjue-en-la-materia-en-frecuen\/&amp;title=El Sistema notarial y registral en Espa\u00f1a, con Rafael Contreras Bernier, y el \u00edndice IRPH a ra\u00edz de las primeras sentencias del TS tras los pronunciamientos del TJUE en la materia, en \u201cFrecuencia Legal\u201d, 18 de febrero de 2026' title='Save to Jeqq' rel='nofollow' style='background-image: url(https:\/\/radio.umh.es\/wp-content\/plugins\/bookmarkify\/imagecol.png); background-position:0px -459px'>Jeqq<\/a><\/div><div class='bookmarkifySiteLink'><a onclick='target=\"_blank\";' href='http:\/\/www.kaboodle.com\/za\/selectpage?p_pop=false&amp;pa=url&amp;u=https:\/\/radio.umh.es\/ca\/2026\/02\/18\/el-sistema-notarial-y-registral-en-espana-con-rafael-contreras-bernier-y-el-indice-irph-a-raiz-de-las-primeras-sentencias-del-ts-tras-los-pronunciamientos-del-tjue-en-la-materia-en-frecuen\/' title='Save to Kaboodle' rel='nofollow' style='background-image: url(https:\/\/radio.umh.es\/wp-content\/plugins\/bookmarkify\/imagecol.png); background-position:0px -476px'>Kaboodle<\/a><\/div><div class='bookmarkifySiteLink'><a onclick='target=\"_blank\";' href='http:\/\/www.kirtsy.com\/submit.php?url=https:\/\/radio.umh.es\/ca\/2026\/02\/18\/el-sistema-notarial-y-registral-en-espana-con-rafael-contreras-bernier-y-el-indice-irph-a-raiz-de-las-primeras-sentencias-del-ts-tras-los-pronunciamientos-del-tjue-en-la-materia-en-frecuen\/' title='Save to kirtsy' rel='nofollow' style='background-image: url(https:\/\/radio.umh.es\/wp-content\/plugins\/bookmarkify\/imagecol.png); background-position:0px -493px'>kirtsy<\/a><\/div><div class='bookmarkifySiteLink'><a onclick='target=\"_blank\";' href='http:\/\/www.linkagogo.com\/go\/AddNoPopup?url=https:\/\/radio.umh.es\/ca\/2026\/02\/18\/el-sistema-notarial-y-registral-en-espana-con-rafael-contreras-bernier-y-el-indice-irph-a-raiz-de-las-primeras-sentencias-del-ts-tras-los-pronunciamientos-del-tjue-en-la-materia-en-frecuen\/&amp;title=El Sistema notarial y registral en Espa\u00f1a, con Rafael Contreras Bernier, y el \u00edndice IRPH a ra\u00edz de las primeras sentencias del TS tras los pronunciamientos del TJUE en la materia, en \u201cFrecuencia Legal\u201d, 18 de febrero de 2026' title='Save to linkaGoGo' rel='nofollow' style='background-image: url(https:\/\/radio.umh.es\/wp-content\/plugins\/bookmarkify\/imagecol.png); background-position:0px -510px'>linkaGoGo<\/a><\/div><div class='bookmarkifySiteLink'><a onclick='target=\"_blank\";' href='http:\/\/www.linkedin.com\/shareArticle?mini=true&url=https:\/\/radio.umh.es\/ca\/2026\/02\/18\/el-sistema-notarial-y-registral-en-espana-con-rafael-contreras-bernier-y-el-indice-irph-a-raiz-de-las-primeras-sentencias-del-ts-tras-los-pronunciamientos-del-tjue-en-la-materia-en-frecuen\/&title=El Sistema notarial y registral en Espa\u00f1a, con Rafael Contreras Bernier, y el \u00edndice IRPH a ra\u00edz de las primeras sentencias del TS tras los pronunciamientos del TJUE en la materia, en \u201cFrecuencia Legal\u201d, 18 de febrero de 2026' title='Share on LinkedIn' rel='nofollow' style='background-image: url(https:\/\/radio.umh.es\/wp-content\/plugins\/bookmarkify\/imagecol.png); background-position:0px -1155px'>LinkedIn<\/a><\/div><div class='bookmarkifySiteLink'><a onclick='target=\"_blank\";' href='http:\/\/ma.gnolia.com\/bookmarklet\/add?url=https:\/\/radio.umh.es\/ca\/2026\/02\/18\/el-sistema-notarial-y-registral-en-espana-con-rafael-contreras-bernier-y-el-indice-irph-a-raiz-de-las-primeras-sentencias-del-ts-tras-los-pronunciamientos-del-tjue-en-la-materia-en-frecuen\/&amp;title=El Sistema notarial y registral en Espa\u00f1a, con Rafael Contreras Bernier, y el \u00edndice IRPH a ra\u00edz de las primeras sentencias del TS tras los pronunciamientos del TJUE en la materia, en \u201cFrecuencia Legal\u201d, 18 de febrero de 2026' title='Save to Ma.gnolia' rel='nofollow' style='background-image: url(https:\/\/radio.umh.es\/wp-content\/plugins\/bookmarkify\/imagecol.png); background-position:0px -544px'>Ma.gnolia<\/a><\/div><div class='bookmarkifySiteLink'><a onclick='target=\"_blank\";' href='http:\/\/www.mister-wong.com\/index.php?action=addurl&amp;bm_url=https:\/\/radio.umh.es\/ca\/2026\/02\/18\/el-sistema-notarial-y-registral-en-espana-con-rafael-contreras-bernier-y-el-indice-irph-a-raiz-de-las-primeras-sentencias-del-ts-tras-los-pronunciamientos-del-tjue-en-la-materia-en-frecuen\/&amp;bm_description=El Sistema notarial y registral en Espa\u00f1a, con Rafael Contreras Bernier, y el \u00edndice IRPH a ra\u00edz de las primeras sentencias del TS tras los pronunciamientos del TJUE en la materia, en \u201cFrecuencia Legal\u201d, 18 de febrero de 2026' title='Save to Mister Wong' rel='nofollow' style='background-image: url(https:\/\/radio.umh.es\/wp-content\/plugins\/bookmarkify\/imagecol.png); background-position:0px -561px'>Mister Wong<\/a><\/div><div class='bookmarkifySiteLink'><a onclick='target=\"_blank\";' href='http:\/\/www.mixx.com\/submit?page_url=https:\/\/radio.umh.es\/ca\/2026\/02\/18\/el-sistema-notarial-y-registral-en-espana-con-rafael-contreras-bernier-y-el-indice-irph-a-raiz-de-las-primeras-sentencias-del-ts-tras-los-pronunciamientos-del-tjue-en-la-materia-en-frecuen\/' title='Save to Mixx' rel='nofollow' style='background-image: url(https:\/\/radio.umh.es\/wp-content\/plugins\/bookmarkify\/imagecol.png); background-position:0px -578px'>Mixx<\/a><\/div><div class='bookmarkifySiteLink'><a onclick='target=\"_blank\";' href='http:\/\/www.myspace.com\/Modules\/PostTo\/Pages\/?c=https:\/\/radio.umh.es\/ca\/2026\/02\/18\/el-sistema-notarial-y-registral-en-espana-con-rafael-contreras-bernier-y-el-indice-irph-a-raiz-de-las-primeras-sentencias-del-ts-tras-los-pronunciamientos-del-tjue-en-la-materia-en-frecuen\/&amp;t=El Sistema notarial y registral en Espa\u00f1a, con Rafael Contreras Bernier, y el \u00edndice IRPH a ra\u00edz de las primeras sentencias del TS tras los pronunciamientos del TJUE en la materia, en \u201cFrecuencia Legal\u201d, 18 de febrero de 2026' title='Save to MySpace' rel='nofollow' style='background-image: url(https:\/\/radio.umh.es\/wp-content\/plugins\/bookmarkify\/imagecol.png); background-position:0px -595px'>MySpace<\/a><\/div><div class='bookmarkifySiteLink'><a onclick='target=\"_blank\";' href='http:\/\/www.netvouz.com\/action\/submitBookmark?url=https:\/\/radio.umh.es\/ca\/2026\/02\/18\/el-sistema-notarial-y-registral-en-espana-con-rafael-contreras-bernier-y-el-indice-irph-a-raiz-de-las-primeras-sentencias-del-ts-tras-los-pronunciamientos-del-tjue-en-la-materia-en-frecuen\/&amp;title=El Sistema notarial y registral en Espa\u00f1a, con Rafael Contreras Bernier, y el \u00edndice IRPH a ra\u00edz de las primeras sentencias del TS tras los pronunciamientos del TJUE en la materia, en \u201cFrecuencia Legal\u201d, 18 de febrero de 2026&amp;popup=no' title='Save to Netvouz' rel='nofollow' style='background-image: url(https:\/\/radio.umh.es\/wp-content\/plugins\/bookmarkify\/imagecol.png); background-position:0px -629px'>Netvouz<\/a><\/div><div class='bookmarkifySiteLink'><a onclick='target=\"_blank\";' href='http:\/\/www.newsvine.com\/_tools\/seed?popoff=0&amp;u=https:\/\/radio.umh.es\/ca\/2026\/02\/18\/el-sistema-notarial-y-registral-en-espana-con-rafael-contreras-bernier-y-el-indice-irph-a-raiz-de-las-primeras-sentencias-del-ts-tras-los-pronunciamientos-del-tjue-en-la-materia-en-frecuen\/' title='Seed Newsvine' rel='nofollow' style='background-image: url(https:\/\/radio.umh.es\/wp-content\/plugins\/bookmarkify\/imagecol.png); background-position:0px -646px'>Newsvine<\/a><\/div><\/td><td><div class='bookmarkifySiteLink'><a onclick='target=\"_blank\";' href='http:\/\/www.oneview.com\/quickadd\/neu\/addBookmark.jsf?URL=https:\/\/radio.umh.es\/ca\/2026\/02\/18\/el-sistema-notarial-y-registral-en-espana-con-rafael-contreras-bernier-y-el-indice-irph-a-raiz-de-las-primeras-sentencias-del-ts-tras-los-pronunciamientos-del-tjue-en-la-materia-en-frecuen\/&amp;title=El Sistema notarial y registral en Espa\u00f1a, con Rafael Contreras Bernier, y el \u00edndice IRPH a ra\u00edz de las primeras sentencias del TS tras los pronunciamientos del TJUE en la materia, en \u201cFrecuencia Legal\u201d, 18 de febrero de 2026' title='Save to oneview' rel='nofollow' style='background-image: url(https:\/\/radio.umh.es\/wp-content\/plugins\/bookmarkify\/imagecol.png); background-position:0px -1054px'>oneview<\/a><\/div><div class='bookmarkifySiteLink'><a onclick='target=\"_blank\";' href='http:\/\/www.onlywire.com\/submit?u=https:\/\/radio.umh.es\/ca\/2026\/02\/18\/el-sistema-notarial-y-registral-en-espana-con-rafael-contreras-bernier-y-el-indice-irph-a-raiz-de-las-primeras-sentencias-del-ts-tras-los-pronunciamientos-del-tjue-en-la-materia-en-frecuen\/&amp;t=El Sistema notarial y registral en Espa\u00f1a, con Rafael Contreras Bernier, y el \u00edndice IRPH a ra\u00edz de las primeras sentencias del TS tras los pronunciamientos del TJUE en la materia, en \u201cFrecuencia Legal\u201d, 18 de febrero de 2026' title='Save to OnlyWire' rel='nofollow' style='background-image: url(https:\/\/radio.umh.es\/wp-content\/plugins\/bookmarkify\/imagecol.png); background-position:0px -1071px'>OnlyWire<\/a><\/div><div class='bookmarkifySiteLink'><a onclick='target=\"_blank\";' href='http:\/\/www.plugim.com\/submit?url=https:\/\/radio.umh.es\/ca\/2026\/02\/18\/el-sistema-notarial-y-registral-en-espana-con-rafael-contreras-bernier-y-el-indice-irph-a-raiz-de-las-primeras-sentencias-del-ts-tras-los-pronunciamientos-del-tjue-en-la-materia-en-frecuen\/&amp;title=El Sistema notarial y registral en Espa\u00f1a, con Rafael Contreras Bernier, y el \u00edndice IRPH a ra\u00edz de las primeras sentencias del TS tras los pronunciamientos del TJUE en la materia, en \u201cFrecuencia Legal\u201d, 18 de febrero de 2026' title='Promote on PlugIM' rel='nofollow' style='background-image: url(https:\/\/radio.umh.es\/wp-content\/plugins\/bookmarkify\/imagecol.png); background-position:0px -663px'>PlugIM<\/a><\/div><div class='bookmarkifySiteLink'><a onclick='target=\"_blank\";' href='http:\/\/www.propeller.com\/submit\/?U=https:\/\/radio.umh.es\/ca\/2026\/02\/18\/el-sistema-notarial-y-registral-en-espana-con-rafael-contreras-bernier-y-el-indice-irph-a-raiz-de-las-primeras-sentencias-del-ts-tras-los-pronunciamientos-del-tjue-en-la-materia-en-frecuen\/&amp;T=El Sistema notarial y registral en Espa\u00f1a, con Rafael Contreras Bernier, y el \u00edndice IRPH a ra\u00edz de las primeras sentencias del TS tras los pronunciamientos del TJUE en la materia, en \u201cFrecuencia Legal\u201d, 18 de febrero de 2026' title='Submit to Propeller' rel='nofollow' style='background-image: url(https:\/\/radio.umh.es\/wp-content\/plugins\/bookmarkify\/imagecol.png); background-position:0px -697px'>Propeller<\/a><\/div><div class='bookmarkifySiteLink'><a onclick='target=\"_blank\";' href='http:\/\/reddit.com\/submit?url=https:\/\/radio.umh.es\/ca\/2026\/02\/18\/el-sistema-notarial-y-registral-en-espana-con-rafael-contreras-bernier-y-el-indice-irph-a-raiz-de-las-primeras-sentencias-del-ts-tras-los-pronunciamientos-del-tjue-en-la-materia-en-frecuen\/&amp;title=El Sistema notarial y registral en Espa\u00f1a, con Rafael Contreras Bernier, y el \u00edndice IRPH a ra\u00edz de las primeras sentencias del TS tras los pronunciamientos del TJUE en la materia, en \u201cFrecuencia Legal\u201d, 18 de febrero de 2026' title='Reddit' rel='nofollow' style='background-image: url(https:\/\/radio.umh.es\/wp-content\/plugins\/bookmarkify\/imagecol.png); background-position:0px -714px'>Reddit<\/a><\/div><div class='bookmarkifySiteLink'><a onclick='target=\"_blank\";' href='http:\/\/segnalo.com\/post.html.php?url=https:\/\/radio.umh.es\/ca\/2026\/02\/18\/el-sistema-notarial-y-registral-en-espana-con-rafael-contreras-bernier-y-el-indice-irph-a-raiz-de-las-primeras-sentencias-del-ts-tras-los-pronunciamientos-del-tjue-en-la-materia-en-frecuen\/&amp;title=El Sistema notarial y registral en Espa\u00f1a, con Rafael Contreras Bernier, y el \u00edndice IRPH a ra\u00edz de las primeras sentencias del TS tras los pronunciamientos del TJUE en la materia, en \u201cFrecuencia Legal\u201d, 18 de febrero de 2026' title='Save to Segnalo' rel='nofollow' style='background-image: url(https:\/\/radio.umh.es\/wp-content\/plugins\/bookmarkify\/imagecol.png); background-position:0px -748px'>Segnalo<\/a><\/div><div class='bookmarkifySiteLink'><a onclick='target=\"_blank\";' href='http:\/\/www.shoutwire.com\/?p=submit&amp;link=https:\/\/radio.umh.es\/ca\/2026\/02\/18\/el-sistema-notarial-y-registral-en-espana-con-rafael-contreras-bernier-y-el-indice-irph-a-raiz-de-las-primeras-sentencias-del-ts-tras-los-pronunciamientos-del-tjue-en-la-materia-en-frecuen\/' title='Shout It!' rel='nofollow' style='background-image: url(https:\/\/radio.umh.es\/wp-content\/plugins\/bookmarkify\/imagecol.png); background-position:0px -765px'>Shoutwire<\/a><\/div><div class='bookmarkifySiteLink'><a onclick='target=\"_blank\";' href='http:\/\/www.simpy.com\/simpy\/LinkAdd.do?href=https:\/\/radio.umh.es\/ca\/2026\/02\/18\/el-sistema-notarial-y-registral-en-espana-con-rafael-contreras-bernier-y-el-indice-irph-a-raiz-de-las-primeras-sentencias-del-ts-tras-los-pronunciamientos-del-tjue-en-la-materia-en-frecuen\/&amp;title=El Sistema notarial y registral en Espa\u00f1a, con Rafael Contreras Bernier, y el \u00edndice IRPH a ra\u00edz de las primeras sentencias del TS tras los pronunciamientos del TJUE en la materia, en \u201cFrecuencia Legal\u201d, 18 de febrero de 2026' title='Save to Simpy' rel='nofollow' style='background-image: url(https:\/\/radio.umh.es\/wp-content\/plugins\/bookmarkify\/imagecol.png); background-position:0px -782px'>Simpy<\/a><\/div><div class='bookmarkifySiteLink'><a onclick='target=\"_blank\";' href='http:\/\/slashdot.org\/bookmark.pl?url=https:\/\/radio.umh.es\/ca\/2026\/02\/18\/el-sistema-notarial-y-registral-en-espana-con-rafael-contreras-bernier-y-el-indice-irph-a-raiz-de-las-primeras-sentencias-del-ts-tras-los-pronunciamientos-del-tjue-en-la-materia-en-frecuen\/&amp;title=El Sistema notarial y registral en Espa\u00f1a, con Rafael Contreras Bernier, y el \u00edndice IRPH a ra\u00edz de las primeras sentencias del TS tras los pronunciamientos del TJUE en la materia, en \u201cFrecuencia Legal\u201d, 18 de febrero de 2026' title='Slashdot It!' rel='nofollow' style='background-image: url(https:\/\/radio.umh.es\/wp-content\/plugins\/bookmarkify\/imagecol.png); background-position:0px -799px'>Slashdot<\/a><\/div><div class='bookmarkifySiteLink'><a onclick='target=\"_blank\";' href='http:\/\/www.surphace.com\/search?q=sphereit:https:\/\/radio.umh.es\/ca\/2026\/02\/18\/el-sistema-notarial-y-registral-en-espana-con-rafael-contreras-bernier-y-el-indice-irph-a-raiz-de-las-primeras-sentencias-del-ts-tras-los-pronunciamientos-del-tjue-en-la-materia-en-frecuen\/&amp;title=El Sistema notarial y registral en Espa\u00f1a, con Rafael Contreras Bernier, y el \u00edndice IRPH a ra\u00edz de las primeras sentencias del TS tras los pronunciamientos del TJUE en la materia, en \u201cFrecuencia Legal\u201d, 18 de febrero de 2026' title='Save to Surphace' rel='nofollow' style='background-image: url(https:\/\/radio.umh.es\/wp-content\/plugins\/bookmarkify\/imagecol.png); background-position:0px -816px'>Surphace<\/a><\/div><div class='bookmarkifySiteLink'><a onclick='target=\"_blank\";' href='http:\/\/sphinn.com\/submit.php?url=https:\/\/radio.umh.es\/ca\/2026\/02\/18\/el-sistema-notarial-y-registral-en-espana-con-rafael-contreras-bernier-y-el-indice-irph-a-raiz-de-las-primeras-sentencias-del-ts-tras-los-pronunciamientos-del-tjue-en-la-materia-en-frecuen\/&amp;title=El Sistema notarial y registral en Espa\u00f1a, con Rafael Contreras Bernier, y el \u00edndice IRPH a ra\u00edz de las primeras sentencias del TS tras los pronunciamientos del TJUE en la materia, en \u201cFrecuencia Legal\u201d, 18 de febrero de 2026' title='Sphinn' rel='nofollow' style='background-image: url(https:\/\/radio.umh.es\/wp-content\/plugins\/bookmarkify\/imagecol.png); background-position:0px -833px'>Sphinn<\/a><\/div><div class='bookmarkifySiteLink'><a onclick='target=\"_blank\";' href='http:\/\/www.spurl.net\/spurl.php?url=https:\/\/radio.umh.es\/ca\/2026\/02\/18\/el-sistema-notarial-y-registral-en-espana-con-rafael-contreras-bernier-y-el-indice-irph-a-raiz-de-las-primeras-sentencias-del-ts-tras-los-pronunciamientos-del-tjue-en-la-materia-en-frecuen\/&amp;title=El Sistema notarial y registral en Espa\u00f1a, con Rafael Contreras Bernier, y el \u00edndice IRPH a ra\u00edz de las primeras sentencias del TS tras los pronunciamientos del TJUE en la materia, en \u201cFrecuencia Legal\u201d, 18 de febrero de 2026' title='Save to Spurl' rel='nofollow' style='background-image: url(https:\/\/radio.umh.es\/wp-content\/plugins\/bookmarkify\/imagecol.png); background-position:0px -850px'>Spurl<\/a><\/div><\/td><td><div class='bookmarkifySiteLink'><a onclick='target=\"_blank\";' href='http:\/\/www.squidoo.com\/lensmaster\/bookmark?https:\/\/radio.umh.es\/ca\/2026\/02\/18\/el-sistema-notarial-y-registral-en-espana-con-rafael-contreras-bernier-y-el-indice-irph-a-raiz-de-las-primeras-sentencias-del-ts-tras-los-pronunciamientos-del-tjue-en-la-materia-en-frecuen\/' title='Save to Squidoo' rel='nofollow' style='background-image: url(https:\/\/radio.umh.es\/wp-content\/plugins\/bookmarkify\/imagecol.png); background-position:0px -867px'>Squidoo<\/a><\/div><div class='bookmarkifySiteLink'><a onclick='target=\"_blank\";' href='http:\/\/www.stumbleupon.com\/submit?url=https:\/\/radio.umh.es\/ca\/2026\/02\/18\/el-sistema-notarial-y-registral-en-espana-con-rafael-contreras-bernier-y-el-indice-irph-a-raiz-de-las-primeras-sentencias-del-ts-tras-los-pronunciamientos-del-tjue-en-la-materia-en-frecuen\/&amp;title=El Sistema notarial y registral en Espa\u00f1a, con Rafael Contreras Bernier, y el \u00edndice IRPH a ra\u00edz de las primeras sentencias del TS tras los pronunciamientos del TJUE en la materia, en \u201cFrecuencia Legal\u201d, 18 de febrero de 2026' title='Stumble It!' rel='nofollow' style='background-image: url(https:\/\/radio.umh.es\/wp-content\/plugins\/bookmarkify\/imagecol.png); background-position:0px -884px'>StumbleUpon<\/a><\/div><div class='bookmarkifySiteLink'><a onclick='target=\"_blank\";' href='http:\/\/technorati.com\/faves?add=https:\/\/radio.umh.es\/ca\/2026\/02\/18\/el-sistema-notarial-y-registral-en-espana-con-rafael-contreras-bernier-y-el-indice-irph-a-raiz-de-las-primeras-sentencias-del-ts-tras-los-pronunciamientos-del-tjue-en-la-materia-en-frecuen\/' title='Add to my Technorati Favorites' rel='nofollow' style='background-image: url(https:\/\/radio.umh.es\/wp-content\/plugins\/bookmarkify\/imagecol.png); background-position:0px -901px'>Technorati<\/a><\/div><div class='bookmarkifySiteLink'><a onclick='target=\"_blank\";' href='http:\/\/www.thisnext.com\/pick\/new\/submit\/sociable\/?url=https:\/\/radio.umh.es\/ca\/2026\/02\/18\/el-sistema-notarial-y-registral-en-espana-con-rafael-contreras-bernier-y-el-indice-irph-a-raiz-de-las-primeras-sentencias-del-ts-tras-los-pronunciamientos-del-tjue-en-la-materia-en-frecuen\/&amp;name=El Sistema notarial y registral en Espa\u00f1a, con Rafael Contreras Bernier, y el \u00edndice IRPH a ra\u00edz de las primeras sentencias del TS tras los pronunciamientos del TJUE en la materia, en \u201cFrecuencia Legal\u201d, 18 de febrero de 2026' title='Save to ThisNext' rel='nofollow' style='background-image: url(https:\/\/radio.umh.es\/wp-content\/plugins\/bookmarkify\/imagecol.png); background-position:0px -918px'>ThisNext<\/a><\/div><div class='bookmarkifySiteLink'><a onclick='target=\"_blank\";' href='http:\/\/twitter.com\/home\/?status=El Sistema notarial y registral en Espa\u00f1a, con Rafael Contreras Bernier, y el \u00edndice IRPH a ra\u00edz de las primeras sentencias del TS tras los pronunciamientos del TJUE en la materia, en \u201cFrecuencia Legal\u201d, 18 de febrero de 2026+https:\/\/radio.umh.es\/ca\/2026\/02\/18\/el-sistema-notarial-y-registral-en-espana-con-rafael-contreras-bernier-y-el-indice-irph-a-raiz-de-las-primeras-sentencias-del-ts-tras-los-pronunciamientos-del-tjue-en-la-materia-en-frecuen\/' title='Save to Twitter' rel='nofollow' style='background-image: url(https:\/\/radio.umh.es\/wp-content\/plugins\/bookmarkify\/imagecol.png); background-position:0px -1105px'>Twitter<\/a><\/div><div class='bookmarkifySiteLink'><a onclick='target=\"_blank\";' href='http:\/\/webride.org\/discuss\/split.php?uri=https:\/\/radio.umh.es\/ca\/2026\/02\/18\/el-sistema-notarial-y-registral-en-espana-con-rafael-contreras-bernier-y-el-indice-irph-a-raiz-de-las-primeras-sentencias-del-ts-tras-los-pronunciamientos-del-tjue-en-la-materia-en-frecuen\/&amp;title=El Sistema notarial y registral en Espa\u00f1a, con Rafael Contreras Bernier, y el \u00edndice IRPH a ra\u00edz de las primeras sentencias del TS tras los pronunciamientos del TJUE en la materia, en \u201cFrecuencia Legal\u201d, 18 de febrero de 2026' title='Discuss on Webride' rel='nofollow' style='background-image: url(https:\/\/radio.umh.es\/wp-content\/plugins\/bookmarkify\/imagecol.png); background-position:0px -935px'>Webride<\/a><\/div><div class='bookmarkifySiteLink'><a onclick='target=\"_blank\";' href='https:\/\/favorites.live.com\/quickadd.aspx?mkt=en-us&amp;url=https:\/\/radio.umh.es\/ca\/2026\/02\/18\/el-sistema-notarial-y-registral-en-espana-con-rafael-contreras-bernier-y-el-indice-irph-a-raiz-de-las-primeras-sentencias-del-ts-tras-los-pronunciamientos-del-tjue-en-la-materia-en-frecuen\/&amp;title=El Sistema notarial y registral en Espa\u00f1a, con Rafael Contreras Bernier, y el \u00edndice IRPH a ra\u00edz de las primeras sentencias del TS tras los pronunciamientos del TJUE en la materia, en \u201cFrecuencia Legal\u201d, 18 de febrero de 2026' title='Save to Windows Live' rel='nofollow' style='background-image: url(https:\/\/radio.umh.es\/wp-content\/plugins\/bookmarkify\/imagecol.png); background-position:0px -952px'>Windows Live<\/a><\/div><div class='bookmarkifySiteLink'><a onclick='target=\"_blank\";' href='http:\/\/bookmarks.yahoo.com\/toolbar\/savebm?opener=tb&amp;u=https:\/\/radio.umh.es\/ca\/2026\/02\/18\/el-sistema-notarial-y-registral-en-espana-con-rafael-contreras-bernier-y-el-indice-irph-a-raiz-de-las-primeras-sentencias-del-ts-tras-los-pronunciamientos-del-tjue-en-la-materia-en-frecuen\/&amp;t=El Sistema notarial y registral en Espa\u00f1a, con Rafael Contreras Bernier, y el \u00edndice IRPH a ra\u00edz de las primeras sentencias del TS tras los pronunciamientos del TJUE en la materia, en \u201cFrecuencia Legal\u201d, 18 de febrero de 2026' title='Save to Yahoo! Bookmarks' rel='nofollow' style='background-image: url(https:\/\/radio.umh.es\/wp-content\/plugins\/bookmarkify\/imagecol.png); background-position:0px -969px'>Yahoo!<\/a><\/div><\/td><\/tr><\/table><\/div><div class='bookmarkifyEmail'><a rel='nofollow' href='http:\/\/www.feedburner.com\/fb\/a\/emailFlare?loc=en_US&amp;itemTitle=El Sistema notarial y registral en Espa\u00f1a, con Rafael Contreras Bernier, y el \u00edndice IRPH a ra\u00edz de las primeras sentencias del TS tras los pronunciamientos del TJUE en la materia, en \u201cFrecuencia Legal\u201d, 18 de febrero de 2026&amp;uri=https:\/\/radio.umh.es\/ca\/2026\/02\/18\/el-sistema-notarial-y-registral-en-espana-con-rafael-contreras-bernier-y-el-indice-irph-a-raiz-de-las-primeras-sentencias-del-ts-tras-los-pronunciamientos-del-tjue-en-la-materia-en-frecuen\/' style='background-image: url(https:\/\/radio.umh.es\/wp-content\/plugins\/bookmarkify\/imagecol.png); background-position:0px -1003px;'>Email This to a Friend<\/a><\/div><div class='bookmarkifyCopyHTML'>&nbsp;&nbsp;Link HTML:&nbsp;<input readonly='readonly' onclick='this.select();' type='text' value='&lt;a href=\"https:\/\/radio.umh.es\/ca\/2026\/02\/18\/el-sistema-notarial-y-registral-en-espana-con-rafael-contreras-bernier-y-el-indice-irph-a-raiz-de-las-primeras-sentencias-del-ts-tras-los-pronunciamientos-del-tjue-en-la-materia-en-frecuen\/\"&gt;El Sistema notarial y registral en Espa\u00f1a, con Rafael Contreras Bernier, y el \u00edndice IRPH a ra\u00edz de las primeras sentencias del TS tras los pronunciamientos del TJUE en la materia, en \u201cFrecuencia Legal\u201d, 18 de febrero de 2026&lt;\/a&gt;' size='84' title='Copy this HTML to create a link to this page' \/><\/div><div class='bookmarkifyCopyHTML'>&nbsp;Permalink:&nbsp;<input readonly='readonly' onclick='this.select();' type='text' value='https:\/\/radio.umh.es\/ca\/2026\/02\/18\/el-sistema-notarial-y-registral-en-espana-con-rafael-contreras-bernier-y-el-indice-irph-a-raiz-de-las-primeras-sentencias-del-ts-tras-los-pronunciamientos-del-tjue-en-la-materia-en-frecuen\/' size='84' title='Copy this Permalink' \/><\/div><div class='bookmarkifySubscribe'><span class='bookmarkifySubscribeIcon' style='background-image: url(https:\/\/radio.umh.es\/wp-content\/plugins\/bookmarkify\/imagecol.png); background-position:0px -1020px;'>&nbsp;<\/span>If you like this then please subscribe to the <a href='https:\/\/radio.umh.es\/ca\/feed\/' onclick='target=\"_blank\";' rel='nofollow'>RSS Feed<\/a>.<\/div><div class='bookmarkifyPoweredBy'><a href='http:\/\/www.bookmarkify.com\/'>Powered by Bookmarkify&trade;<\/a><\/div><\/div><div class='linkbuttons'><a href='http:\/\/www.facebook.com\/share.php?u=https:\/\/radio.umh.es\/ca\/2026\/02\/18\/el-sistema-notarial-y-registral-en-espana-con-rafael-contreras-bernier-y-el-indice-irph-a-raiz-de-las-primeras-sentencias-del-ts-tras-los-pronunciamientos-del-tjue-en-la-materia-en-frecuen\/' title='Save to Facebook' onclick='target=\"_blank\";' rel='nofollow'><img src='https:\/\/radio.umh.es\/wp-content\/plugins\/bookmarkify\/facebook.png' style='width:16px; height:16px;' alt='[Facebook] ' \/><\/a> <a href='http:\/\/www.linkedin.com\/shareArticle?mini=true&url=https:\/\/radio.umh.es\/ca\/2026\/02\/18\/el-sistema-notarial-y-registral-en-espana-con-rafael-contreras-bernier-y-el-indice-irph-a-raiz-de-las-primeras-sentencias-del-ts-tras-los-pronunciamientos-del-tjue-en-la-materia-en-frecuen\/&title=El Sistema notarial y registral en Espa\u00f1a, con Rafael Contreras Bernier, y el \u00edndice IRPH a ra\u00edz de las primeras sentencias del TS tras los pronunciamientos del TJUE en la materia, en \u201cFrecuencia Legal\u201d, 18 de febrero de 2026' title='Share on LinkedIn' onclick='target=\"_blank\";' rel='nofollow'><img src='https:\/\/radio.umh.es\/wp-content\/plugins\/bookmarkify\/linkedin.png' style='width:16px; height:16px;' alt='[LinkedIn] ' \/><\/a> <a href='http:\/\/twitter.com\/home\/?status=El Sistema notarial y registral en Espa\u00f1a, con Rafael Contreras Bernier, y el \u00edndice IRPH a ra\u00edz de las primeras sentencias del TS tras los pronunciamientos del TJUE en la materia, en \u201cFrecuencia Legal\u201d, 18 de febrero de 2026+https:\/\/radio.umh.es\/ca\/2026\/02\/18\/el-sistema-notarial-y-registral-en-espana-con-rafael-contreras-bernier-y-el-indice-irph-a-raiz-de-las-primeras-sentencias-del-ts-tras-los-pronunciamientos-del-tjue-en-la-materia-en-frecuen\/' title='Save to Twitter' onclick='target=\"_blank\";' rel='nofollow'><img src='https:\/\/radio.umh.es\/wp-content\/plugins\/bookmarkify\/twitter.png' style='width:16px; height:16px;' alt='[Twitter] ' \/><\/a>  <a title='See more bookmark and sharing options...' href='https:\/\/radio.umh.es\/ca\/2026\/02\/18\/el-sistema-notarial-y-registral-en-espana-con-rafael-contreras-bernier-y-el-indice-irph-a-raiz-de-las-primeras-sentencias-del-ts-tras-los-pronunciamientos-del-tjue-en-la-materia-en-frecuen\/#bookmarkify' onclick='document.getElementById(\"bookmarkifyMore1\").style.display=\"block\"; return false;' rel='nofollow'><small>More&nbsp;&raquo;<\/small><\/a><\/div><\/div><div class=\"powerpress_player\" id=\"powerpress_player_6295\"><!--[if lt IE 9]><script>document.createElement('audio');<\/script><![endif]-->\n<audio class=\"wp-audio-shortcode\" id=\"audio-111880-1\" preload=\"none\" style=\"width: 100%;\" controls=\"controls\"><source type=\"audio\/mpeg\" src=\"https:\/\/radio.umh.es\/files\/2026\/02\/180226-Podcast-FRECUENCIA-LEGAL.mp3?_=1\" \/><a href=\"https:\/\/radio.umh.es\/files\/2026\/02\/180226-Podcast-FRECUENCIA-LEGAL.mp3\">https:\/\/radio.umh.es\/files\/2026\/02\/180226-Podcast-FRECUENCIA-LEGAL.mp3<\/a><\/audio><\/div><p class=\"powerpress_links powerpress_links_mp3\">Podcast: <a href=\"https:\/\/radio.umh.es\/files\/2026\/02\/180226-Podcast-FRECUENCIA-LEGAL.mp3\" class=\"powerpress_link_pinw\" target=\"_blank\" title=\"Play in new window\" onclick=\"return powerpress_pinw('https:\/\/radio.umh.es\/ca\/?powerpress_pinw=111880-podcast');\" rel=\"nofollow\">Play in new window<\/a> | <a href=\"https:\/\/radio.umh.es\/files\/2026\/02\/180226-Podcast-FRECUENCIA-LEGAL.mp3\" class=\"powerpress_link_d\" title=\"Download\" rel=\"nofollow\" download=\"180226-Podcast-FRECUENCIA-LEGAL.mp3\">Download<\/a><\/p><p class=\"powerpress_links powerpress_subscribe_links\">Subscribe: <a href=\"https:\/\/radio.umh.es\/ca\/feed\/podcast\/\" class=\"powerpress_link_subscribe powerpress_link_subscribe_rss\" title=\"Subscribe via RSS\" rel=\"nofollow\">RSS<\/a><\/p>","protected":false},"excerpt":{"rendered":"<p>180226 Podcast FRECUENCIA LEGAL<br \/>\n\u00a1Bienvenidos al vig\u00e9simo quinto episodio de Frecuencia Legal!<br \/>\nFrecuencia Legal es un programa de divulgaci\u00f3n cient\u00edfica del \u00e1mbito jur\u00eddico, que se sumerge en el apasionante mundo del Derecho con una mirada abierta y que aborda los asuntos con un lenguaje accesible para todos los p\u00fablicos.<br \/>\nEn sus diferentes secciones pone el foco en diversos [&#8230;]<\/p>\n","protected":false},"author":30762,"featured_media":0,"comment_status":"closed","ping_status":"open","sticky":false,"template":"","format":"standard","meta":{"ngg_post_thumbnail":0,"_links_to":"","_links_to_target":""},"categories":[1429376],"tags":[],"publishpress_future_action":{"enabled":false,"date":"1970-01-01 01:00:00","action":"","terms":[],"taxonomy":"","browser_timezone_offset":0},"_links":{"self":[{"href":"https:\/\/radio.umh.es\/ca\/wp-json\/wp\/v2\/posts\/111880"}],"collection":[{"href":"https:\/\/radio.umh.es\/ca\/wp-json\/wp\/v2\/posts"}],"about":[{"href":"https:\/\/radio.umh.es\/ca\/wp-json\/wp\/v2\/types\/post"}],"author":[{"embeddable":true,"href":"https:\/\/radio.umh.es\/ca\/wp-json\/wp\/v2\/users\/30762"}],"replies":[{"embeddable":true,"href":"https:\/\/radio.umh.es\/ca\/wp-json\/wp\/v2\/comments?post=111880"}],"version-history":[{"count":0,"href":"https:\/\/radio.umh.es\/ca\/wp-json\/wp\/v2\/posts\/111880\/revisions"}],"wp:attachment":[{"href":"https:\/\/radio.umh.es\/ca\/wp-json\/wp\/v2\/media?parent=111880"}],"wp:term":[{"taxonomy":"category","embeddable":true,"href":"https:\/\/radio.umh.es\/ca\/wp-json\/wp\/v2\/categories?post=111880"},{"taxonomy":"post_tag","embeddable":true,"href":"https:\/\/radio.umh.es\/ca\/wp-json\/wp\/v2\/tags?post=111880"}],"curies":[{"name":"wp","href":"https:\/\/api.w.org\/{rel}","templated":true}]}}