{"id":111956,"date":"2026-02-20T12:05:38","date_gmt":"2026-02-20T11:05:38","guid":{"rendered":"https:\/\/radio.umh.es\/?p=111956"},"modified":"2026-03-11T17:08:54","modified_gmt":"2026-03-11T16:08:54","slug":"la-gran-brecha-reflexiones-desde-la-perspectiva-de-genero-en-el-dia-de-la-igualdad-salarial-en-iguales-pero-diferentes-20-de-febrero-de-2026","status":"publish","type":"post","link":"https:\/\/radio.umh.es\/ca\/2026\/02\/20\/la-gran-brecha-reflexiones-desde-la-perspectiva-de-genero-en-el-dia-de-la-igualdad-salarial-en-iguales-pero-diferentes-20-de-febrero-de-2026\/","title":{"rendered":"<span lang=\"es\">(Espa\u00f1ol) La gran brecha: reflexiones desde la perspectiva de g\u00e9nero en el D\u00eda de la Igualdad Salarial  en \u00abIguales pero diferentes\u00bb, 20 de febrero de 2026<\/span>"},"content":{"rendered":"<p class=\"qtranxs-available-languages-message qtranxs-available-languages-message-ca\">Ho sent, per\u00f2 aquesta entrada nom\u00e9s est\u00e0 disponible en <a href=\"https:\/\/radio.umh.es\/es\/wp-json\/wp\/v2\/posts\/111956\" class=\"qtranxs-available-language-link qtranxs-available-language-link-es\" title=\"Espa\u00f1ol\">Espanyol Europeu<\/a>.<\/p>","protected":false},"excerpt":{"rendered":"<p>Ho sent, per\u00f2 aquesta entrada nom\u00e9s est\u00e0 disponible en Espanyol Europeu.<\/p>\n","protected":false},"author":32529,"featured_media":0,"comment_status":"closed","ping_status":"open","sticky":false,"template":"","format":"standard","meta":{"ngg_post_thumbnail":0,"_links_to":"","_links_to_target":""},"categories":[3806],"tags":[],"publishpress_future_action":{"enabled":false,"date":"1970-01-01 01:00:00","action":"","terms":[],"taxonomy":"","browser_timezone_offset":0},"_links":{"self":[{"href":"https:\/\/radio.umh.es\/ca\/wp-json\/wp\/v2\/posts\/111956"}],"collection":[{"href":"https:\/\/radio.umh.es\/ca\/wp-json\/wp\/v2\/posts"}],"about":[{"href":"https:\/\/radio.umh.es\/ca\/wp-json\/wp\/v2\/types\/post"}],"author":[{"embeddable":true,"href":"https:\/\/radio.umh.es\/ca\/wp-json\/wp\/v2\/users\/32529"}],"replies":[{"embeddable":true,"href":"https:\/\/radio.umh.es\/ca\/wp-json\/wp\/v2\/comments?post=111956"}],"version-history":[{"count":0,"href":"https:\/\/radio.umh.es\/ca\/wp-json\/wp\/v2\/posts\/111956\/revisions"}],"wp:attachment":[{"href":"https:\/\/radio.umh.es\/ca\/wp-json\/wp\/v2\/media?parent=111956"}],"wp:term":[{"taxonomy":"category","embeddable":true,"href":"https:\/\/radio.umh.es\/ca\/wp-json\/wp\/v2\/categories?post=111956"},{"taxonomy":"post_tag","embeddable":true,"href":"https:\/\/radio.umh.es\/ca\/wp-json\/wp\/v2\/tags?post=111956"}],"curies":[{"name":"wp","href":"https:\/\/api.w.org\/{rel}","templated":true}]}}