{"id":112307,"date":"2026-02-25T13:25:39","date_gmt":"2026-02-25T12:25:39","guid":{"rendered":"https:\/\/radio.umh.es\/?p=112307"},"modified":"2026-02-25T09:23:25","modified_gmt":"2026-02-25T08:23:25","slug":"la-comision-de-asuntos-economicos-y-monetarios-celebra-un-debate-con-la-presidenta-del-bce-sobre-los-tipos-de-interes-y-la-inflacion-en-flash-informativo-del-parlamento-europeo-25-de-fe","status":"publish","type":"post","link":"https:\/\/radio.umh.es\/ca\/2026\/02\/25\/la-comision-de-asuntos-economicos-y-monetarios-celebra-un-debate-con-la-presidenta-del-bce-sobre-los-tipos-de-interes-y-la-inflacion-en-flash-informativo-del-parlamento-europeo-25-de-fe\/","title":{"rendered":"<span lang=\"es\">(Espa\u00f1ol) La Comisi\u00f3n de Asuntos Econ\u00f3micos y Monetarios celebra un debate con la presidenta del BCE, sobre los tipos de inter\u00e9s y la inflaci\u00f3n, en \u00abFlash Informativo del Parlamento Europeo\u00bb, 25 de febrero de 2026<\/span>"},"content":{"rendered":"<p class=\"qtranxs-available-languages-message qtranxs-available-languages-message-ca\">Ho sent, per\u00f2 aquesta entrada nom\u00e9s est\u00e0 disponible en <a href=\"https:\/\/radio.umh.es\/es\/wp-json\/wp\/v2\/posts\/112307\" class=\"qtranxs-available-language-link qtranxs-available-language-link-es\" title=\"Espa\u00f1ol\">Espanyol Europeu<\/a>.<\/p>","protected":false},"excerpt":{"rendered":"<p>Ho sent, per\u00f2 aquesta entrada nom\u00e9s est\u00e0 disponible en Espanyol Europeu.<\/p>\n","protected":false},"author":30762,"featured_media":0,"comment_status":"closed","ping_status":"open","sticky":false,"template":"","format":"standard","meta":{"ngg_post_thumbnail":0,"_links_to":"","_links_to_target":""},"categories":[1523432],"tags":[],"publishpress_future_action":{"enabled":false,"date":"1970-01-01 01:00:00","action":"","terms":[],"taxonomy":"","browser_timezone_offset":0},"_links":{"self":[{"href":"https:\/\/radio.umh.es\/ca\/wp-json\/wp\/v2\/posts\/112307"}],"collection":[{"href":"https:\/\/radio.umh.es\/ca\/wp-json\/wp\/v2\/posts"}],"about":[{"href":"https:\/\/radio.umh.es\/ca\/wp-json\/wp\/v2\/types\/post"}],"author":[{"embeddable":true,"href":"https:\/\/radio.umh.es\/ca\/wp-json\/wp\/v2\/users\/30762"}],"replies":[{"embeddable":true,"href":"https:\/\/radio.umh.es\/ca\/wp-json\/wp\/v2\/comments?post=112307"}],"version-history":[{"count":0,"href":"https:\/\/radio.umh.es\/ca\/wp-json\/wp\/v2\/posts\/112307\/revisions"}],"wp:attachment":[{"href":"https:\/\/radio.umh.es\/ca\/wp-json\/wp\/v2\/media?parent=112307"}],"wp:term":[{"taxonomy":"category","embeddable":true,"href":"https:\/\/radio.umh.es\/ca\/wp-json\/wp\/v2\/categories?post=112307"},{"taxonomy":"post_tag","embeddable":true,"href":"https:\/\/radio.umh.es\/ca\/wp-json\/wp\/v2\/tags?post=112307"}],"curies":[{"name":"wp","href":"https:\/\/api.w.org\/{rel}","templated":true}]}}