{"id":113873,"date":"2026-04-17T13:25:20","date_gmt":"2026-04-17T11:25:20","guid":{"rendered":"https:\/\/radio.umh.es\/?p=113873"},"modified":"2026-04-17T11:46:57","modified_gmt":"2026-04-17T09:46:57","slug":"eurodiputados-afirman-que-la-adhesion-de-turquia-a-la-ue-se-estanco-debido-a-la-falta-de-reformas-en-flash-informativo-del-parlamento-europeo-17-de-abril-de-2026","status":"publish","type":"post","link":"https:\/\/radio.umh.es\/ca\/2026\/04\/17\/eurodiputados-afirman-que-la-adhesion-de-turquia-a-la-ue-se-estanco-debido-a-la-falta-de-reformas-en-flash-informativo-del-parlamento-europeo-17-de-abril-de-2026\/","title":{"rendered":"<span lang=\"es\">(Espa\u00f1ol) Eurodiputados afirman que la adhesi\u00f3n de Turqu\u00eda a la UE se estanc\u00f3 debido a la falta de reformas, en \u00abFlash Informativo del Parlamento Europeo\u00bb, 17 de abril de 2026<\/span>"},"content":{"rendered":"<p class=\"qtranxs-available-languages-message qtranxs-available-languages-message-ca\">Ho sent, per\u00f2 aquesta entrada nom\u00e9s est\u00e0 disponible en <a href=\"https:\/\/radio.umh.es\/es\/wp-json\/wp\/v2\/posts\/113873\" class=\"qtranxs-available-language-link qtranxs-available-language-link-es\" title=\"Espa\u00f1ol\">Espanyol Europeu<\/a>.<\/p>","protected":false},"excerpt":{"rendered":"<p>Ho sent, per\u00f2 aquesta entrada nom\u00e9s est\u00e0 disponible en Espanyol Europeu.<\/p>\n","protected":false},"author":32529,"featured_media":0,"comment_status":"closed","ping_status":"open","sticky":false,"template":"","format":"standard","meta":{"ngg_post_thumbnail":0,"_links_to":"","_links_to_target":""},"categories":[1523432],"tags":[],"publishpress_future_action":{"enabled":false,"date":"1970-01-01 01:00:00","action":"","terms":[],"taxonomy":"","browser_timezone_offset":0},"_links":{"self":[{"href":"https:\/\/radio.umh.es\/ca\/wp-json\/wp\/v2\/posts\/113873"}],"collection":[{"href":"https:\/\/radio.umh.es\/ca\/wp-json\/wp\/v2\/posts"}],"about":[{"href":"https:\/\/radio.umh.es\/ca\/wp-json\/wp\/v2\/types\/post"}],"author":[{"embeddable":true,"href":"https:\/\/radio.umh.es\/ca\/wp-json\/wp\/v2\/users\/32529"}],"replies":[{"embeddable":true,"href":"https:\/\/radio.umh.es\/ca\/wp-json\/wp\/v2\/comments?post=113873"}],"version-history":[{"count":0,"href":"https:\/\/radio.umh.es\/ca\/wp-json\/wp\/v2\/posts\/113873\/revisions"}],"wp:attachment":[{"href":"https:\/\/radio.umh.es\/ca\/wp-json\/wp\/v2\/media?parent=113873"}],"wp:term":[{"taxonomy":"category","embeddable":true,"href":"https:\/\/radio.umh.es\/ca\/wp-json\/wp\/v2\/categories?post=113873"},{"taxonomy":"post_tag","embeddable":true,"href":"https:\/\/radio.umh.es\/ca\/wp-json\/wp\/v2\/tags?post=113873"}],"curies":[{"name":"wp","href":"https:\/\/api.w.org\/{rel}","templated":true}]}}