{"id":24728,"date":"2017-11-22T17:05:27","date_gmt":"2017-11-22T16:05:27","guid":{"rendered":"http:\/\/radio.umh.es\/?p=24728"},"modified":"2017-11-23T09:23:23","modified_gmt":"2017-11-23T08:23:23","slug":"albert-torres-bicampeon-de-europa-de-ciclismo-en-pista-en-mas-alla-del-futbol-22-de-noviembre-de-2017","status":"publish","type":"post","link":"https:\/\/radio.umh.es\/ca\/2017\/11\/22\/albert-torres-bicampeon-de-europa-de-ciclismo-en-pista-en-mas-alla-del-futbol-22-de-noviembre-de-2017\/","title":{"rendered":"<span lang=\"es\">(Espa\u00f1ol) Albert Torres, bicampe\u00f3n de Europa de ciclismo en pista, en &#8220;M\u00e1s all\u00e1 del f\u00fatbol&#8221;, 22 de noviembre de 2017<\/span>"},"content":{"rendered":"<p class=\"qtranxs-available-languages-message qtranxs-available-languages-message-ca\">Ho sent, per\u00f2 aquesta entrada nom\u00e9s est\u00e0 disponible en <a href=\"https:\/\/radio.umh.es\/es\/wp-json\/wp\/v2\/posts\/24728\" class=\"qtranxs-available-language-link qtranxs-available-language-link-es\" title=\"Espa\u00f1ol\">Espanyol Europeu<\/a>.<\/p>","protected":false},"excerpt":{"rendered":"<p>Ho sent, per\u00f2 aquesta entrada nom\u00e9s est\u00e0 disponible en Espanyol Europeu.<\/p>\n","protected":false},"author":3929,"featured_media":0,"comment_status":"closed","ping_status":"open","sticky":false,"template":"","format":"standard","meta":{"ngg_post_thumbnail":0,"_links_to":"","_links_to_target":""},"categories":[10091],"tags":[28808,16088,30909,66689,66677,66680,66686,66683],"publishpress_future_action":{"enabled":false,"date":"1970-01-01 01:00:00","action":"","terms":[],"taxonomy":"","browser_timezone_offset":0},"_links":{"self":[{"href":"https:\/\/radio.umh.es\/ca\/wp-json\/wp\/v2\/posts\/24728"}],"collection":[{"href":"https:\/\/radio.umh.es\/ca\/wp-json\/wp\/v2\/posts"}],"about":[{"href":"https:\/\/radio.umh.es\/ca\/wp-json\/wp\/v2\/types\/post"}],"author":[{"embeddable":true,"href":"https:\/\/radio.umh.es\/ca\/wp-json\/wp\/v2\/users\/3929"}],"replies":[{"embeddable":true,"href":"https:\/\/radio.umh.es\/ca\/wp-json\/wp\/v2\/comments?post=24728"}],"version-history":[{"count":0,"href":"https:\/\/radio.umh.es\/ca\/wp-json\/wp\/v2\/posts\/24728\/revisions"}],"wp:attachment":[{"href":"https:\/\/radio.umh.es\/ca\/wp-json\/wp\/v2\/media?parent=24728"}],"wp:term":[{"taxonomy":"category","embeddable":true,"href":"https:\/\/radio.umh.es\/ca\/wp-json\/wp\/v2\/categories?post=24728"},{"taxonomy":"post_tag","embeddable":true,"href":"https:\/\/radio.umh.es\/ca\/wp-json\/wp\/v2\/tags?post=24728"}],"curies":[{"name":"wp","href":"https:\/\/api.w.org\/{rel}","templated":true}]}}