{"id":26948,"date":"2018-01-08T09:05:09","date_gmt":"2018-01-08T08:05:09","guid":{"rendered":"http:\/\/radio.umh.es\/?p=26948"},"modified":"2018-02-08T08:53:38","modified_gmt":"2018-02-08T07:53:38","slug":"nos-vamos-al-ies-maria-blasco-de-san-vicente-del-raspeig-para-saber-los-regalos-de-los-reyes-magos-conocer-las-pepas-y-entrevistar-a-paloma-lopez-como-alumni-umh-en-despierta-umh","status":"publish","type":"post","link":"https:\/\/radio.umh.es\/ca\/2018\/01\/08\/nos-vamos-al-ies-maria-blasco-de-san-vicente-del-raspeig-para-saber-los-regalos-de-los-reyes-magos-conocer-las-pepas-y-entrevistar-a-paloma-lopez-como-alumni-umh-en-despierta-umh\/","title":{"rendered":"<span lang=\"es\">(Espa\u00f1ol) Nos vamos al IES Mar\u00eda Blasco de San Vicente del Raspeig para saber los regalos de los Reyes Magos, conocer las Pepas y entrevistar a Paloma L\u00f3pez como Alumni UMH, en \u201cDespierta UMH\u201d 1&#215;51,  8 de enero de 2018<\/span>"},"content":{"rendered":"<p class=\"qtranxs-available-languages-message qtranxs-available-languages-message-ca\">Ho sent, per\u00f2 aquesta entrada nom\u00e9s est\u00e0 disponible en <a href=\"https:\/\/radio.umh.es\/es\/wp-json\/wp\/v2\/posts\/26948\" class=\"qtranxs-available-language-link qtranxs-available-language-link-es\" title=\"Espa\u00f1ol\">Espanyol Europeu<\/a>.<\/p>","protected":false},"excerpt":{"rendered":"<p>Ho sent, per\u00f2 aquesta entrada nom\u00e9s est\u00e0 disponible en Espanyol Europeu.<\/p>\n","protected":false},"author":3929,"featured_media":0,"comment_status":"closed","ping_status":"open","sticky":false,"template":"","format":"standard","meta":{"ngg_post_thumbnail":0,"_links_to":"","_links_to_target":""},"categories":[66047],"tags":[55125,67547,35910,67202],"publishpress_future_action":{"enabled":false,"date":"1970-01-01 01:00:00","action":"","terms":[],"taxonomy":"","browser_timezone_offset":0},"_links":{"self":[{"href":"https:\/\/radio.umh.es\/ca\/wp-json\/wp\/v2\/posts\/26948"}],"collection":[{"href":"https:\/\/radio.umh.es\/ca\/wp-json\/wp\/v2\/posts"}],"about":[{"href":"https:\/\/radio.umh.es\/ca\/wp-json\/wp\/v2\/types\/post"}],"author":[{"embeddable":true,"href":"https:\/\/radio.umh.es\/ca\/wp-json\/wp\/v2\/users\/3929"}],"replies":[{"embeddable":true,"href":"https:\/\/radio.umh.es\/ca\/wp-json\/wp\/v2\/comments?post=26948"}],"version-history":[{"count":0,"href":"https:\/\/radio.umh.es\/ca\/wp-json\/wp\/v2\/posts\/26948\/revisions"}],"wp:attachment":[{"href":"https:\/\/radio.umh.es\/ca\/wp-json\/wp\/v2\/media?parent=26948"}],"wp:term":[{"taxonomy":"category","embeddable":true,"href":"https:\/\/radio.umh.es\/ca\/wp-json\/wp\/v2\/categories?post=26948"},{"taxonomy":"post_tag","embeddable":true,"href":"https:\/\/radio.umh.es\/ca\/wp-json\/wp\/v2\/tags?post=26948"}],"curies":[{"name":"wp","href":"https:\/\/api.w.org\/{rel}","templated":true}]}}