{"id":28244,"date":"2018-02-14T09:05:32","date_gmt":"2018-02-14T08:05:32","guid":{"rendered":"http:\/\/radio.umh.es\/?p=28244"},"modified":"2018-02-12T09:23:40","modified_gmt":"2018-02-12T08:23:40","slug":"celebramos-san-valentin-con-el-ies-la-asuncion-de-elche-la-previa-del-cadu-y-el-dificil-viaje-de-enrique-mas-en-despierta-umh-2x03-14-de-febrero-de-2018","status":"publish","type":"post","link":"https:\/\/radio.umh.es\/ca\/2018\/02\/14\/celebramos-san-valentin-con-el-ies-la-asuncion-de-elche-la-previa-del-cadu-y-el-dificil-viaje-de-enrique-mas-en-despierta-umh-2x03-14-de-febrero-de-2018\/","title":{"rendered":"<span lang=\"es\">(Espa\u00f1ol) Celebramos San Valent\u00edn con el IES La Asunci\u00f3n de Elche, la previa del CADU y el dif\u00edcil viaje de Enrique Mas, en &#8220;Despierta UMH&#8221; 2&#215;03, 14 de febrero de 2018<\/span>"},"content":{"rendered":"<p class=\"qtranxs-available-languages-message qtranxs-available-languages-message-ca\">Ho sent, per\u00f2 aquesta entrada nom\u00e9s est\u00e0 disponible en <a href=\"https:\/\/radio.umh.es\/es\/wp-json\/wp\/v2\/posts\/28244\" class=\"qtranxs-available-language-link qtranxs-available-language-link-es\" title=\"Espa\u00f1ol\">Espanyol Europeu<\/a>.<\/p>","protected":false},"excerpt":{"rendered":"<p>Ho sent, per\u00f2 aquesta entrada nom\u00e9s est\u00e0 disponible en Espanyol Europeu.<\/p>\n","protected":false},"author":3923,"featured_media":0,"comment_status":"closed","ping_status":"open","sticky":false,"template":"","format":"standard","meta":{"ngg_post_thumbnail":0,"_links_to":"","_links_to_target":""},"categories":[66047],"tags":[55112,66047,181,38802,391],"publishpress_future_action":{"enabled":false,"date":"1970-01-01 01:00:00","action":"","terms":[],"taxonomy":"","browser_timezone_offset":0},"_links":{"self":[{"href":"https:\/\/radio.umh.es\/ca\/wp-json\/wp\/v2\/posts\/28244"}],"collection":[{"href":"https:\/\/radio.umh.es\/ca\/wp-json\/wp\/v2\/posts"}],"about":[{"href":"https:\/\/radio.umh.es\/ca\/wp-json\/wp\/v2\/types\/post"}],"author":[{"embeddable":true,"href":"https:\/\/radio.umh.es\/ca\/wp-json\/wp\/v2\/users\/3923"}],"replies":[{"embeddable":true,"href":"https:\/\/radio.umh.es\/ca\/wp-json\/wp\/v2\/comments?post=28244"}],"version-history":[{"count":0,"href":"https:\/\/radio.umh.es\/ca\/wp-json\/wp\/v2\/posts\/28244\/revisions"}],"wp:attachment":[{"href":"https:\/\/radio.umh.es\/ca\/wp-json\/wp\/v2\/media?parent=28244"}],"wp:term":[{"taxonomy":"category","embeddable":true,"href":"https:\/\/radio.umh.es\/ca\/wp-json\/wp\/v2\/categories?post=28244"},{"taxonomy":"post_tag","embeddable":true,"href":"https:\/\/radio.umh.es\/ca\/wp-json\/wp\/v2\/tags?post=28244"}],"curies":[{"name":"wp","href":"https:\/\/api.w.org\/{rel}","templated":true}]}}