{"id":31961,"date":"2018-04-11T09:05:59","date_gmt":"2018-04-11T07:05:59","guid":{"rendered":"http:\/\/radio.umh.es\/?p=31961"},"modified":"2018-04-13T12:07:13","modified_gmt":"2018-04-13T10:07:13","slug":"volvemos-al-ies-la-nia-de-aspe-para-charlar-de-musica-pensar-en-el-viaje-de-fin-de-cursro-y-entrevistar-al-alumni-umh-jonathan-molina-en-despierta-umh-2x35-11-de-abril-de-2018","status":"publish","type":"post","link":"https:\/\/radio.umh.es\/ca\/2018\/04\/11\/volvemos-al-ies-la-nia-de-aspe-para-charlar-de-musica-pensar-en-el-viaje-de-fin-de-cursro-y-entrevistar-al-alumni-umh-jonathan-molina-en-despierta-umh-2x35-11-de-abril-de-2018\/","title":{"rendered":"<span lang=\"es\">(Espa\u00f1ol) Volvemos al IES La N\u00eda de Aspe para charlar de m\u00fasica, pensar en el viaje de fin de curso y entrevistar al Alumni UMH Jonathan Molina, en &#8220;Despierta UMH&#8221; 2&#215;35, 11 de abril de 2018<\/span>"},"content":{"rendered":"<p class=\"qtranxs-available-languages-message qtranxs-available-languages-message-ca\">Ho sent, per\u00f2 aquesta entrada nom\u00e9s est\u00e0 disponible en <a href=\"https:\/\/radio.umh.es\/es\/wp-json\/wp\/v2\/posts\/31961\" class=\"qtranxs-available-language-link qtranxs-available-language-link-es\" title=\"Espa\u00f1ol\">Espanyol Europeu<\/a>.<\/p>","protected":false},"excerpt":{"rendered":"<p>Ho sent, per\u00f2 aquesta entrada nom\u00e9s est\u00e0 disponible en Espanyol Europeu.<\/p>\n","protected":false},"author":3923,"featured_media":0,"comment_status":"closed","ping_status":"open","sticky":false,"template":"","format":"standard","meta":{"ngg_post_thumbnail":0,"_links_to":"","_links_to_target":""},"categories":[66047],"tags":[68438,66047,69707,181,391],"publishpress_future_action":{"enabled":false,"date":"1970-01-01 01:00:00","action":"","terms":[],"taxonomy":"","browser_timezone_offset":0},"_links":{"self":[{"href":"https:\/\/radio.umh.es\/ca\/wp-json\/wp\/v2\/posts\/31961"}],"collection":[{"href":"https:\/\/radio.umh.es\/ca\/wp-json\/wp\/v2\/posts"}],"about":[{"href":"https:\/\/radio.umh.es\/ca\/wp-json\/wp\/v2\/types\/post"}],"author":[{"embeddable":true,"href":"https:\/\/radio.umh.es\/ca\/wp-json\/wp\/v2\/users\/3923"}],"replies":[{"embeddable":true,"href":"https:\/\/radio.umh.es\/ca\/wp-json\/wp\/v2\/comments?post=31961"}],"version-history":[{"count":0,"href":"https:\/\/radio.umh.es\/ca\/wp-json\/wp\/v2\/posts\/31961\/revisions"}],"wp:attachment":[{"href":"https:\/\/radio.umh.es\/ca\/wp-json\/wp\/v2\/media?parent=31961"}],"wp:term":[{"taxonomy":"category","embeddable":true,"href":"https:\/\/radio.umh.es\/ca\/wp-json\/wp\/v2\/categories?post=31961"},{"taxonomy":"post_tag","embeddable":true,"href":"https:\/\/radio.umh.es\/ca\/wp-json\/wp\/v2\/tags?post=31961"}],"curies":[{"name":"wp","href":"https:\/\/api.w.org\/{rel}","templated":true}]}}