{"id":31964,"date":"2018-04-19T09:05:58","date_gmt":"2018-04-19T07:05:58","guid":{"rendered":"http:\/\/radio.umh.es\/?p=31964"},"modified":"2018-04-18T12:36:24","modified_gmt":"2018-04-18T10:36:24","slug":"programa-especial-con-la-habitacion-roja-desde-el-centro-de-alicante-para-hablar-de-su-ultimo-disco-memoria-la-paellas-valencianas-o-alicantinas-y-sus-estudios-en-nuestra-universidad-en-despie","status":"publish","type":"post","link":"https:\/\/radio.umh.es\/ca\/2018\/04\/19\/programa-especial-con-la-habitacion-roja-desde-el-centro-de-alicante-para-hablar-de-su-ultimo-disco-memoria-la-paellas-valencianas-o-alicantinas-y-sus-estudios-en-nuestra-universidad-en-despie\/","title":{"rendered":"<span lang=\"es\">(Espa\u00f1ol) Programa especial con La Habitaci\u00f3n Roja desde el centro de Alicante para hablar de su \u00faltimo disco &#8216;Memoria&#8217;, la paellas valencianas o alicantinas y sus estudios en nuestra universidad, en &#8220;Despierta UMH&#8221; 2&#215;41, 19 de abril de 2018<\/span>"},"content":{"rendered":"<p class=\"qtranxs-available-languages-message qtranxs-available-languages-message-ca\">Ho sent, per\u00f2 aquesta entrada nom\u00e9s est\u00e0 disponible en <a href=\"https:\/\/radio.umh.es\/es\/wp-json\/wp\/v2\/posts\/31964\" class=\"qtranxs-available-language-link qtranxs-available-language-link-es\" title=\"Espa\u00f1ol\">Espanyol Europeu<\/a>.<\/p>","protected":false},"excerpt":{"rendered":"<p>Ho sent, per\u00f2 aquesta entrada nom\u00e9s est\u00e0 disponible en Espanyol Europeu.<\/p>\n","protected":false},"author":3923,"featured_media":0,"comment_status":"closed","ping_status":"open","sticky":false,"template":"","format":"standard","meta":{"ngg_post_thumbnail":0,"_links_to":"","_links_to_target":""},"categories":[66047],"tags":[69728,69716,66047,69719,69713,69710,69722,69725],"publishpress_future_action":{"enabled":false,"date":"1970-01-01 01:00:00","action":"","terms":[],"taxonomy":"","browser_timezone_offset":0},"_links":{"self":[{"href":"https:\/\/radio.umh.es\/ca\/wp-json\/wp\/v2\/posts\/31964"}],"collection":[{"href":"https:\/\/radio.umh.es\/ca\/wp-json\/wp\/v2\/posts"}],"about":[{"href":"https:\/\/radio.umh.es\/ca\/wp-json\/wp\/v2\/types\/post"}],"author":[{"embeddable":true,"href":"https:\/\/radio.umh.es\/ca\/wp-json\/wp\/v2\/users\/3923"}],"replies":[{"embeddable":true,"href":"https:\/\/radio.umh.es\/ca\/wp-json\/wp\/v2\/comments?post=31964"}],"version-history":[{"count":0,"href":"https:\/\/radio.umh.es\/ca\/wp-json\/wp\/v2\/posts\/31964\/revisions"}],"wp:attachment":[{"href":"https:\/\/radio.umh.es\/ca\/wp-json\/wp\/v2\/media?parent=31964"}],"wp:term":[{"taxonomy":"category","embeddable":true,"href":"https:\/\/radio.umh.es\/ca\/wp-json\/wp\/v2\/categories?post=31964"},{"taxonomy":"post_tag","embeddable":true,"href":"https:\/\/radio.umh.es\/ca\/wp-json\/wp\/v2\/tags?post=31964"}],"curies":[{"name":"wp","href":"https:\/\/api.w.org\/{rel}","templated":true}]}}