{"id":33245,"date":"2018-04-30T09:05:24","date_gmt":"2018-04-30T07:05:24","guid":{"rendered":"http:\/\/radio.umh.es\/?p=33245"},"modified":"2018-04-27T11:11:05","modified_gmt":"2018-04-27T09:11:05","slug":"nos-vamos-a-pasar-la-semana-al-ies-vega-del-argos-de-cehegin-descubrimos-el-talento-de-sofia-gomez-y-lo-pasamos-pichi-picha-con-los-alumnos-en-despierta-umh-2x48-30-de-abril-de-2018","status":"publish","type":"post","link":"https:\/\/radio.umh.es\/ca\/2018\/04\/30\/nos-vamos-a-pasar-la-semana-al-ies-vega-del-argos-de-cehegin-descubrimos-el-talento-de-sofia-gomez-y-lo-pasamos-pichi-picha-con-los-alumnos-en-despierta-umh-2x48-30-de-abril-de-2018\/","title":{"rendered":"<span lang=\"es\">(Espa\u00f1ol) Nos vamos a pasar la semana al IES Vega del Argos de Ceheg\u00edn, descubrimos el talento de Sof\u00eda G\u00f3mez y lo pasamos pichi picha con los alumnos, en &#8220;Despierta UMH&#8221; 2&#215;48, 30 de abril de 2018<\/span>"},"content":{"rendered":"<p class=\"qtranxs-available-languages-message qtranxs-available-languages-message-ca\">Ho sent, per\u00f2 aquesta entrada nom\u00e9s est\u00e0 disponible en <a href=\"https:\/\/radio.umh.es\/es\/wp-json\/wp\/v2\/posts\/33245\" class=\"qtranxs-available-language-link qtranxs-available-language-link-es\" title=\"Espa\u00f1ol\">Espanyol Europeu<\/a>.<\/p>","protected":false},"excerpt":{"rendered":"<p>Ho sent, per\u00f2 aquesta entrada nom\u00e9s est\u00e0 disponible en Espanyol Europeu.<\/p>\n","protected":false},"author":3923,"featured_media":0,"comment_status":"closed","ping_status":"open","sticky":false,"template":"","format":"standard","meta":{"ngg_post_thumbnail":0,"_links_to":"","_links_to_target":""},"categories":[66047],"tags":[70490,66047,70487,66875,69974,67316,70493],"publishpress_future_action":{"enabled":false,"date":"1970-01-01 01:00:00","action":"","terms":[],"taxonomy":"","browser_timezone_offset":0},"_links":{"self":[{"href":"https:\/\/radio.umh.es\/ca\/wp-json\/wp\/v2\/posts\/33245"}],"collection":[{"href":"https:\/\/radio.umh.es\/ca\/wp-json\/wp\/v2\/posts"}],"about":[{"href":"https:\/\/radio.umh.es\/ca\/wp-json\/wp\/v2\/types\/post"}],"author":[{"embeddable":true,"href":"https:\/\/radio.umh.es\/ca\/wp-json\/wp\/v2\/users\/3923"}],"replies":[{"embeddable":true,"href":"https:\/\/radio.umh.es\/ca\/wp-json\/wp\/v2\/comments?post=33245"}],"version-history":[{"count":0,"href":"https:\/\/radio.umh.es\/ca\/wp-json\/wp\/v2\/posts\/33245\/revisions"}],"wp:attachment":[{"href":"https:\/\/radio.umh.es\/ca\/wp-json\/wp\/v2\/media?parent=33245"}],"wp:term":[{"taxonomy":"category","embeddable":true,"href":"https:\/\/radio.umh.es\/ca\/wp-json\/wp\/v2\/categories?post=33245"},{"taxonomy":"post_tag","embeddable":true,"href":"https:\/\/radio.umh.es\/ca\/wp-json\/wp\/v2\/tags?post=33245"}],"curies":[{"name":"wp","href":"https:\/\/api.w.org\/{rel}","templated":true}]}}