{"id":34052,"date":"2018-05-11T10:05:58","date_gmt":"2018-05-11T08:05:58","guid":{"rendered":"http:\/\/radio.umh.es\/?p=34052"},"modified":"2018-05-11T11:39:21","modified_gmt":"2018-05-11T09:39:21","slug":"la-universidad-miguel-hernandez-celebra-hoy-viernes-11-de-mayo-un-seminario-de-analisis-de-la-transicion-epitelio-mesenquima-y-plasticidad-celular-en-el-cancer-de-mama-en","status":"publish","type":"post","link":"https:\/\/radio.umh.es\/ca\/2018\/05\/11\/la-universidad-miguel-hernandez-celebra-hoy-viernes-11-de-mayo-un-seminario-de-analisis-de-la-transicion-epitelio-mesenquima-y-plasticidad-celular-en-el-cancer-de-mama-en\/","title":{"rendered":"<span lang=\"es\">(Espa\u00f1ol) La\u00a0Universidad Miguel Hern\u00e1ndez celebra hoy viernes 11 de mayo un\u00a0Seminario de \u201cAn\u00e1lisis de la transici\u00f3n epitelio-mes\u00e9nquima y plasticidad celular en el c\u00e1ncer de mama\u201d, en &#8220;S\u00fabete a la Radio UMH,&#8221; 11 de mayo de 2018<\/span>"},"content":{"rendered":"<p class=\"qtranxs-available-languages-message qtranxs-available-languages-message-ca\">Ho sent, per\u00f2 aquesta entrada nom\u00e9s est\u00e0 disponible en <a href=\"https:\/\/radio.umh.es\/es\/wp-json\/wp\/v2\/posts\/34052\" class=\"qtranxs-available-language-link qtranxs-available-language-link-es\" title=\"Espa\u00f1ol\">Espanyol Europeu<\/a>.<\/p>","protected":false},"excerpt":{"rendered":"<p>Ho sent, per\u00f2 aquesta entrada nom\u00e9s est\u00e0 disponible en Espanyol Europeu.<\/p>\n","protected":false},"author":3914,"featured_media":0,"comment_status":"closed","ping_status":"open","sticky":false,"template":"","format":"standard","meta":{"ngg_post_thumbnail":0,"_links_to":"","_links_to_target":""},"categories":[66053],"tags":[16088,1699,28701,66563,66560,28903,66053],"publishpress_future_action":{"enabled":false,"date":"1970-01-01 01:00:00","action":"","terms":[],"taxonomy":"","browser_timezone_offset":0},"_links":{"self":[{"href":"https:\/\/radio.umh.es\/ca\/wp-json\/wp\/v2\/posts\/34052"}],"collection":[{"href":"https:\/\/radio.umh.es\/ca\/wp-json\/wp\/v2\/posts"}],"about":[{"href":"https:\/\/radio.umh.es\/ca\/wp-json\/wp\/v2\/types\/post"}],"author":[{"embeddable":true,"href":"https:\/\/radio.umh.es\/ca\/wp-json\/wp\/v2\/users\/3914"}],"replies":[{"embeddable":true,"href":"https:\/\/radio.umh.es\/ca\/wp-json\/wp\/v2\/comments?post=34052"}],"version-history":[{"count":0,"href":"https:\/\/radio.umh.es\/ca\/wp-json\/wp\/v2\/posts\/34052\/revisions"}],"wp:attachment":[{"href":"https:\/\/radio.umh.es\/ca\/wp-json\/wp\/v2\/media?parent=34052"}],"wp:term":[{"taxonomy":"category","embeddable":true,"href":"https:\/\/radio.umh.es\/ca\/wp-json\/wp\/v2\/categories?post=34052"},{"taxonomy":"post_tag","embeddable":true,"href":"https:\/\/radio.umh.es\/ca\/wp-json\/wp\/v2\/tags?post=34052"}],"curies":[{"name":"wp","href":"https:\/\/api.w.org\/{rel}","templated":true}]}}