{"id":34085,"date":"2018-05-11T14:25:28","date_gmt":"2018-05-11T12:25:28","guid":{"rendered":"http:\/\/radio.umh.es\/?p=34085"},"modified":"2018-05-11T12:59:44","modified_gmt":"2018-05-11T10:59:44","slug":"eurovision-el-duo-dinamico-el-dia-de-europa-y-mucho-mas-enlo-mejor-de-la-semana-de-radio-umh-11-de-mayo-de-21018","status":"publish","type":"post","link":"https:\/\/radio.umh.es\/ca\/2018\/05\/11\/eurovision-el-duo-dinamico-el-dia-de-europa-y-mucho-mas-enlo-mejor-de-la-semana-de-radio-umh-11-de-mayo-de-21018\/","title":{"rendered":"<span lang=\"es\">(Espa\u00f1ol) Eurovisi\u00f3n, el D\u00fao Din\u00e1mico, el D\u00eda de Europa, y mucho m\u00e1s en,&#8221;Lo Mejor de la Semana de Radio UMH&#8221;, 11 de mayo de 21018<\/span>"},"content":{"rendered":"<p class=\"qtranxs-available-languages-message qtranxs-available-languages-message-ca\">Ho sent, per\u00f2 aquesta entrada nom\u00e9s est\u00e0 disponible en <a href=\"https:\/\/radio.umh.es\/es\/wp-json\/wp\/v2\/posts\/34085\" class=\"qtranxs-available-language-link qtranxs-available-language-link-es\" title=\"Espa\u00f1ol\">Espanyol Europeu<\/a>.<\/p>","protected":false},"excerpt":{"rendered":"<p>Ho sent, per\u00f2 aquesta entrada nom\u00e9s est\u00e0 disponible en Espanyol Europeu.<\/p>\n","protected":false},"author":3929,"featured_media":0,"comment_status":"closed","ping_status":"open","sticky":false,"template":"","format":"standard","meta":{"ngg_post_thumbnail":0,"_links_to":"","_links_to_target":""},"categories":[65999],"tags":[30884,70946,70796,533,38839,70943,45243,53705],"publishpress_future_action":{"enabled":false,"date":"1970-01-01 01:00:00","action":"","terms":[],"taxonomy":"","browser_timezone_offset":0},"_links":{"self":[{"href":"https:\/\/radio.umh.es\/ca\/wp-json\/wp\/v2\/posts\/34085"}],"collection":[{"href":"https:\/\/radio.umh.es\/ca\/wp-json\/wp\/v2\/posts"}],"about":[{"href":"https:\/\/radio.umh.es\/ca\/wp-json\/wp\/v2\/types\/post"}],"author":[{"embeddable":true,"href":"https:\/\/radio.umh.es\/ca\/wp-json\/wp\/v2\/users\/3929"}],"replies":[{"embeddable":true,"href":"https:\/\/radio.umh.es\/ca\/wp-json\/wp\/v2\/comments?post=34085"}],"version-history":[{"count":0,"href":"https:\/\/radio.umh.es\/ca\/wp-json\/wp\/v2\/posts\/34085\/revisions"}],"wp:attachment":[{"href":"https:\/\/radio.umh.es\/ca\/wp-json\/wp\/v2\/media?parent=34085"}],"wp:term":[{"taxonomy":"category","embeddable":true,"href":"https:\/\/radio.umh.es\/ca\/wp-json\/wp\/v2\/categories?post=34085"},{"taxonomy":"post_tag","embeddable":true,"href":"https:\/\/radio.umh.es\/ca\/wp-json\/wp\/v2\/tags?post=34085"}],"curies":[{"name":"wp","href":"https:\/\/api.w.org\/{rel}","templated":true}]}}