{"id":35771,"date":"2018-06-28T13:45:34","date_gmt":"2018-06-28T11:45:34","guid":{"rendered":"http:\/\/radio.umh.es\/?p=35771"},"modified":"2018-06-28T16:19:25","modified_gmt":"2018-06-28T14:19:25","slug":"acto-de-clausura-del-curso-academico-2017-18-y-nombramiendo-de-tino-villanueva-como-doctor-honoris-causa-28-de-junio-de-2018","status":"publish","type":"post","link":"https:\/\/radio.umh.es\/ca\/2018\/06\/28\/acto-de-clausura-del-curso-academico-2017-18-y-nombramiendo-de-tino-villanueva-como-doctor-honoris-causa-28-de-junio-de-2018\/","title":{"rendered":"<span lang=\"es\">(Espa\u00f1ol) Acto de Clausura del Curso Acad\u00e9mico 2017\/18 y nombramiendo de Tino Villanueva como Doctor Honoris Causa, 28 de junio de 2018<\/span>"},"content":{"rendered":"<p class=\"qtranxs-available-languages-message qtranxs-available-languages-message-ca\">Ho sent, per\u00f2 aquesta entrada nom\u00e9s est\u00e0 disponible en <a href=\"https:\/\/radio.umh.es\/es\/wp-json\/wp\/v2\/posts\/35771\" class=\"qtranxs-available-language-link qtranxs-available-language-link-es\" title=\"Espa\u00f1ol\">Espanyol Europeu<\/a>.<\/p>","protected":false},"excerpt":{"rendered":"<p>Ho sent, per\u00f2 aquesta entrada nom\u00e9s est\u00e0 disponible en Espanyol Europeu.<\/p>\n","protected":false},"author":3929,"featured_media":0,"comment_status":"closed","ping_status":"open","sticky":false,"template":"","format":"standard","meta":{"ngg_post_thumbnail":0,"_links_to":"","_links_to_target":""},"categories":[11130],"tags":[71687,18004,71672,71678,71684,71681,71675,71660],"publishpress_future_action":{"enabled":false,"date":"1970-01-01 01:00:00","action":"","terms":[],"taxonomy":"","browser_timezone_offset":0},"_links":{"self":[{"href":"https:\/\/radio.umh.es\/ca\/wp-json\/wp\/v2\/posts\/35771"}],"collection":[{"href":"https:\/\/radio.umh.es\/ca\/wp-json\/wp\/v2\/posts"}],"about":[{"href":"https:\/\/radio.umh.es\/ca\/wp-json\/wp\/v2\/types\/post"}],"author":[{"embeddable":true,"href":"https:\/\/radio.umh.es\/ca\/wp-json\/wp\/v2\/users\/3929"}],"replies":[{"embeddable":true,"href":"https:\/\/radio.umh.es\/ca\/wp-json\/wp\/v2\/comments?post=35771"}],"version-history":[{"count":0,"href":"https:\/\/radio.umh.es\/ca\/wp-json\/wp\/v2\/posts\/35771\/revisions"}],"wp:attachment":[{"href":"https:\/\/radio.umh.es\/ca\/wp-json\/wp\/v2\/media?parent=35771"}],"wp:term":[{"taxonomy":"category","embeddable":true,"href":"https:\/\/radio.umh.es\/ca\/wp-json\/wp\/v2\/categories?post=35771"},{"taxonomy":"post_tag","embeddable":true,"href":"https:\/\/radio.umh.es\/ca\/wp-json\/wp\/v2\/tags?post=35771"}],"curies":[{"name":"wp","href":"https:\/\/api.w.org\/{rel}","templated":true}]}}