{"id":38690,"date":"2018-10-24T14:46:17","date_gmt":"2018-10-24T12:46:17","guid":{"rendered":"http:\/\/radio.umh.es\/?p=38690"},"modified":"2018-11-06T09:25:11","modified_gmt":"2018-11-06T08:25:11","slug":"estudiantes-de-la-universidad-miguel-hernandez-participan-en-el-xiv-congreso-de-estudiantes-de-farmacia-en-informativos-umh-24-de-octubre-2018","status":"publish","type":"post","link":"https:\/\/radio.umh.es\/ca\/2018\/10\/24\/estudiantes-de-la-universidad-miguel-hernandez-participan-en-el-xiv-congreso-de-estudiantes-de-farmacia-en-informativos-umh-24-de-octubre-2018\/","title":{"rendered":"<span lang=\"es\">(Espa\u00f1ol) Estudiantes de la Universidad Miguel Hernandez participan en el XIV Congreso de Estudiantes de Farmacia , en &#8220;Informativos UMH&#8221;, 24 de octubre 2018<\/span>"},"content":{"rendered":"<p class=\"qtranxs-available-languages-message qtranxs-available-languages-message-ca\">Ho sent, per\u00f2 aquesta entrada nom\u00e9s est\u00e0 disponible en <a href=\"https:\/\/radio.umh.es\/es\/wp-json\/wp\/v2\/posts\/38690\" class=\"qtranxs-available-language-link qtranxs-available-language-link-es\" title=\"Espa\u00f1ol\">Espanyol Europeu<\/a>.<\/p>","protected":false},"excerpt":{"rendered":"<p>Ho sent, per\u00f2 aquesta entrada nom\u00e9s est\u00e0 disponible en Espanyol Europeu.<\/p>\n","protected":false},"author":4436,"featured_media":0,"comment_status":"closed","ping_status":"open","sticky":false,"template":"","format":"standard","meta":{"ngg_post_thumbnail":0,"_links_to":"","_links_to_target":""},"categories":[3878],"tags":[72416,1661,30778,25,1697,72860,72863],"publishpress_future_action":{"enabled":false,"date":"1970-01-01 01:00:00","action":"","terms":[],"taxonomy":"","browser_timezone_offset":0},"_links":{"self":[{"href":"https:\/\/radio.umh.es\/ca\/wp-json\/wp\/v2\/posts\/38690"}],"collection":[{"href":"https:\/\/radio.umh.es\/ca\/wp-json\/wp\/v2\/posts"}],"about":[{"href":"https:\/\/radio.umh.es\/ca\/wp-json\/wp\/v2\/types\/post"}],"author":[{"embeddable":true,"href":"https:\/\/radio.umh.es\/ca\/wp-json\/wp\/v2\/users\/4436"}],"replies":[{"embeddable":true,"href":"https:\/\/radio.umh.es\/ca\/wp-json\/wp\/v2\/comments?post=38690"}],"version-history":[{"count":0,"href":"https:\/\/radio.umh.es\/ca\/wp-json\/wp\/v2\/posts\/38690\/revisions"}],"wp:attachment":[{"href":"https:\/\/radio.umh.es\/ca\/wp-json\/wp\/v2\/media?parent=38690"}],"wp:term":[{"taxonomy":"category","embeddable":true,"href":"https:\/\/radio.umh.es\/ca\/wp-json\/wp\/v2\/categories?post=38690"},{"taxonomy":"post_tag","embeddable":true,"href":"https:\/\/radio.umh.es\/ca\/wp-json\/wp\/v2\/tags?post=38690"}],"curies":[{"name":"wp","href":"https:\/\/api.w.org\/{rel}","templated":true}]}}