{"id":38807,"date":"2018-10-25T14:19:57","date_gmt":"2018-10-25T12:19:57","guid":{"rendered":"http:\/\/radio.umh.es\/?p=38807"},"modified":"2018-10-26T13:04:35","modified_gmt":"2018-10-26T11:04:35","slug":"el-nombramiento-de-la-catedratica-angela-sastre-como-directora-del-instituto-de-bioingenieria-de-la-universidad-miguel-hernandez-en-informativos-umh-25-de-octubre-de-2018","status":"publish","type":"post","link":"https:\/\/radio.umh.es\/ca\/2018\/10\/25\/el-nombramiento-de-la-catedratica-angela-sastre-como-directora-del-instituto-de-bioingenieria-de-la-universidad-miguel-hernandez-en-informativos-umh-25-de-octubre-de-2018\/","title":{"rendered":"<span lang=\"es\">(Espa\u00f1ol) El nombramiento de la catedr\u00e1tica \u00c1ngela Sastre como directora del Instituto de Bioingenier\u00eda de la Universidad Miguel Hern\u00e1ndez, en &#8220;Informativos UMH&#8221;, 25 de octubre de 2018<\/span>"},"content":{"rendered":"<p class=\"qtranxs-available-languages-message qtranxs-available-languages-message-ca\">Ho sent, per\u00f2 aquesta entrada nom\u00e9s est\u00e0 disponible en <a href=\"https:\/\/radio.umh.es\/es\/wp-json\/wp\/v2\/posts\/38807\" class=\"qtranxs-available-language-link qtranxs-available-language-link-es\" title=\"Espa\u00f1ol\">Espanyol Europeu<\/a>.<\/p>","protected":false},"excerpt":{"rendered":"<p>Ho sent, per\u00f2 aquesta entrada nom\u00e9s est\u00e0 disponible en Espanyol Europeu.<\/p>\n","protected":false},"author":4436,"featured_media":0,"comment_status":"closed","ping_status":"open","sticky":false,"template":"","format":"standard","meta":{"ngg_post_thumbnail":0,"_links_to":"","_links_to_target":""},"categories":[3878],"tags":[49264,259,72890,72893,72887,21634,55108,1769],"publishpress_future_action":{"enabled":false,"date":"1970-01-01 01:00:00","action":"","terms":[],"taxonomy":"","browser_timezone_offset":0},"_links":{"self":[{"href":"https:\/\/radio.umh.es\/ca\/wp-json\/wp\/v2\/posts\/38807"}],"collection":[{"href":"https:\/\/radio.umh.es\/ca\/wp-json\/wp\/v2\/posts"}],"about":[{"href":"https:\/\/radio.umh.es\/ca\/wp-json\/wp\/v2\/types\/post"}],"author":[{"embeddable":true,"href":"https:\/\/radio.umh.es\/ca\/wp-json\/wp\/v2\/users\/4436"}],"replies":[{"embeddable":true,"href":"https:\/\/radio.umh.es\/ca\/wp-json\/wp\/v2\/comments?post=38807"}],"version-history":[{"count":0,"href":"https:\/\/radio.umh.es\/ca\/wp-json\/wp\/v2\/posts\/38807\/revisions"}],"wp:attachment":[{"href":"https:\/\/radio.umh.es\/ca\/wp-json\/wp\/v2\/media?parent=38807"}],"wp:term":[{"taxonomy":"category","embeddable":true,"href":"https:\/\/radio.umh.es\/ca\/wp-json\/wp\/v2\/categories?post=38807"},{"taxonomy":"post_tag","embeddable":true,"href":"https:\/\/radio.umh.es\/ca\/wp-json\/wp\/v2\/tags?post=38807"}],"curies":[{"name":"wp","href":"https:\/\/api.w.org\/{rel}","templated":true}]}}