{"id":38948,"date":"2018-10-26T09:00:07","date_gmt":"2018-10-26T07:00:07","guid":{"rendered":"http:\/\/radio.umh.es\/?p=38948"},"modified":"2019-04-08T10:57:00","modified_gmt":"2019-04-08T08:57:00","slug":"entrevista-al-rapero-bejo-estrenamos-procuro-olvidarte-de-amaral-y-cartelera-con-miguel-moreno-y-super-8-en-despierta-umh-26-de-octubre-de-2018","status":"publish","type":"post","link":"https:\/\/radio.umh.es\/ca\/2018\/10\/26\/entrevista-al-rapero-bejo-estrenamos-procuro-olvidarte-de-amaral-y-cartelera-con-miguel-moreno-y-super-8-en-despierta-umh-26-de-octubre-de-2018\/","title":{"rendered":"<span lang=\"es\">(Espa\u00f1ol) 3&#215;18 Entrevista al rapero Bejo, estrenamos &#8216;Procuro Olvidarte&#8217; de Amaral y cartelera con Miguel Moreno y S\u00faper 8, en Despierta UMH, 26 de octubre de 2018<\/span>"},"content":{"rendered":"<p class=\"qtranxs-available-languages-message qtranxs-available-languages-message-ca\">Ho sent, per\u00f2 aquesta entrada nom\u00e9s est\u00e0 disponible en <a href=\"https:\/\/radio.umh.es\/es\/wp-json\/wp\/v2\/posts\/38948\" class=\"qtranxs-available-language-link qtranxs-available-language-link-es\" title=\"Espa\u00f1ol\">Espanyol Europeu<\/a>.<\/p>","protected":false},"excerpt":{"rendered":"<p>Ho sent, per\u00f2 aquesta entrada nom\u00e9s est\u00e0 disponible en Espanyol Europeu.<\/p>\n","protected":false},"author":3923,"featured_media":0,"comment_status":"closed","ping_status":"open","sticky":false,"template":"","format":"standard","meta":{"ngg_post_thumbnail":0,"_links_to":"","_links_to_target":""},"categories":[66047],"tags":[72923,66047,66875,181,77531],"publishpress_future_action":{"enabled":false,"date":"1970-01-01 01:00:00","action":"","terms":[],"taxonomy":"","browser_timezone_offset":0},"_links":{"self":[{"href":"https:\/\/radio.umh.es\/ca\/wp-json\/wp\/v2\/posts\/38948"}],"collection":[{"href":"https:\/\/radio.umh.es\/ca\/wp-json\/wp\/v2\/posts"}],"about":[{"href":"https:\/\/radio.umh.es\/ca\/wp-json\/wp\/v2\/types\/post"}],"author":[{"embeddable":true,"href":"https:\/\/radio.umh.es\/ca\/wp-json\/wp\/v2\/users\/3923"}],"replies":[{"embeddable":true,"href":"https:\/\/radio.umh.es\/ca\/wp-json\/wp\/v2\/comments?post=38948"}],"version-history":[{"count":0,"href":"https:\/\/radio.umh.es\/ca\/wp-json\/wp\/v2\/posts\/38948\/revisions"}],"wp:attachment":[{"href":"https:\/\/radio.umh.es\/ca\/wp-json\/wp\/v2\/media?parent=38948"}],"wp:term":[{"taxonomy":"category","embeddable":true,"href":"https:\/\/radio.umh.es\/ca\/wp-json\/wp\/v2\/categories?post=38948"},{"taxonomy":"post_tag","embeddable":true,"href":"https:\/\/radio.umh.es\/ca\/wp-json\/wp\/v2\/tags?post=38948"}],"curies":[{"name":"wp","href":"https:\/\/api.w.org\/{rel}","templated":true}]}}