{"id":39101,"date":"2018-10-29T14:15:15","date_gmt":"2018-10-29T13:15:15","guid":{"rendered":"http:\/\/radio.umh.es\/?p=39101"},"modified":"2018-10-29T14:58:02","modified_gmt":"2018-10-29T13:58:02","slug":"la-universidad-miguel-hernandez-organiza-una-nueva-edicion-del-taller-de-oratoria-y-debate-en-informativos-umh-29-de-octubre-2018","status":"publish","type":"post","link":"https:\/\/radio.umh.es\/ca\/2018\/10\/29\/la-universidad-miguel-hernandez-organiza-una-nueva-edicion-del-taller-de-oratoria-y-debate-en-informativos-umh-29-de-octubre-2018\/","title":{"rendered":"<span lang=\"es\">(Espa\u00f1ol) La Universidad Miguel Hern\u00e1ndez organiza una nueva edici\u00f3n del Taller de Oratoria y Debate, en &#8220;Informativos UMH&#8221;, 29 de octubre 2018<\/span>"},"content":{"rendered":"<p class=\"qtranxs-available-languages-message qtranxs-available-languages-message-ca\">Ho sent, per\u00f2 aquesta entrada nom\u00e9s est\u00e0 disponible en <a href=\"https:\/\/radio.umh.es\/es\/wp-json\/wp\/v2\/posts\/39101\" class=\"qtranxs-available-language-link qtranxs-available-language-link-es\" title=\"Espa\u00f1ol\">Espanyol Europeu<\/a>.<\/p>","protected":false},"excerpt":{"rendered":"<p>Ho sent, per\u00f2 aquesta entrada nom\u00e9s est\u00e0 disponible en Espanyol Europeu.<\/p>\n","protected":false},"author":4436,"featured_media":0,"comment_status":"closed","ping_status":"open","sticky":false,"template":"","format":"standard","meta":{"ngg_post_thumbnail":0,"_links_to":"","_links_to_target":""},"categories":[3878],"tags":[41699,1776,28901,1698,164,72323,72971,41090,1758,72752,72974],"publishpress_future_action":{"enabled":false,"date":"1970-01-01 01:00:00","action":"","terms":[],"taxonomy":"","browser_timezone_offset":0},"_links":{"self":[{"href":"https:\/\/radio.umh.es\/ca\/wp-json\/wp\/v2\/posts\/39101"}],"collection":[{"href":"https:\/\/radio.umh.es\/ca\/wp-json\/wp\/v2\/posts"}],"about":[{"href":"https:\/\/radio.umh.es\/ca\/wp-json\/wp\/v2\/types\/post"}],"author":[{"embeddable":true,"href":"https:\/\/radio.umh.es\/ca\/wp-json\/wp\/v2\/users\/4436"}],"replies":[{"embeddable":true,"href":"https:\/\/radio.umh.es\/ca\/wp-json\/wp\/v2\/comments?post=39101"}],"version-history":[{"count":0,"href":"https:\/\/radio.umh.es\/ca\/wp-json\/wp\/v2\/posts\/39101\/revisions"}],"wp:attachment":[{"href":"https:\/\/radio.umh.es\/ca\/wp-json\/wp\/v2\/media?parent=39101"}],"wp:term":[{"taxonomy":"category","embeddable":true,"href":"https:\/\/radio.umh.es\/ca\/wp-json\/wp\/v2\/categories?post=39101"},{"taxonomy":"post_tag","embeddable":true,"href":"https:\/\/radio.umh.es\/ca\/wp-json\/wp\/v2\/tags?post=39101"}],"curies":[{"name":"wp","href":"https:\/\/api.w.org\/{rel}","templated":true}]}}