{"id":41177,"date":"2018-11-26T09:00:11","date_gmt":"2018-11-26T08:00:11","guid":{"rendered":"http:\/\/radio.umh.es\/?p=41177"},"modified":"2018-11-23T12:44:52","modified_gmt":"2018-11-23T11:44:52","slug":"3x38-despertamos-en-el-colegio-sagrado-corazon-hermanos-maristas-de-alicante-conociendo-la-proxima-feria-de-universidades-en-el-centro-para-hablar-de-natacion-con-maria-paez-y-paula-garcia-y-conocem","status":"publish","type":"post","link":"https:\/\/radio.umh.es\/ca\/2018\/11\/26\/3x38-despertamos-en-el-colegio-sagrado-corazon-hermanos-maristas-de-alicante-conociendo-la-proxima-feria-de-universidades-en-el-centro-para-hablar-de-natacion-con-maria-paez-y-paula-garcia-y-conocem\/","title":{"rendered":"<span lang=\"es\">(Espa\u00f1ol) 3&#215;38 Despertamos en el Colegio Sagrado Coraz\u00f3n Hermanos Maristas de Alicante conociendo la pr\u00f3xima feria de universidades en el centro, para hablar de nataci\u00f3n con Mar\u00eda P\u00e1ez y Paula Garc\u00eda, y conocemos los Grupos de la amistad, en &#8220;Despierta UMH&#8221;, 26 de noviembre de 2018<\/span>"},"content":{"rendered":"<p class=\"qtranxs-available-languages-message qtranxs-available-languages-message-ca\">Ho sent, per\u00f2 aquesta entrada nom\u00e9s est\u00e0 disponible en <a href=\"https:\/\/radio.umh.es\/es\/wp-json\/wp\/v2\/posts\/41177\" class=\"qtranxs-available-language-link qtranxs-available-language-link-es\" title=\"Espa\u00f1ol\">Espanyol Europeu<\/a>.<\/p>","protected":false},"excerpt":{"rendered":"<p>Ho sent, per\u00f2 aquesta entrada nom\u00e9s est\u00e0 disponible en Espanyol Europeu.<\/p>\n","protected":false},"author":3923,"featured_media":0,"comment_status":"closed","ping_status":"open","sticky":false,"template":"","format":"standard","meta":{"ngg_post_thumbnail":0,"_links_to":"","_links_to_target":""},"categories":[66047],"tags":[73910,66047,53601,72590],"publishpress_future_action":{"enabled":false,"date":"1970-01-01 01:00:00","action":"","terms":[],"taxonomy":"","browser_timezone_offset":0},"_links":{"self":[{"href":"https:\/\/radio.umh.es\/ca\/wp-json\/wp\/v2\/posts\/41177"}],"collection":[{"href":"https:\/\/radio.umh.es\/ca\/wp-json\/wp\/v2\/posts"}],"about":[{"href":"https:\/\/radio.umh.es\/ca\/wp-json\/wp\/v2\/types\/post"}],"author":[{"embeddable":true,"href":"https:\/\/radio.umh.es\/ca\/wp-json\/wp\/v2\/users\/3923"}],"replies":[{"embeddable":true,"href":"https:\/\/radio.umh.es\/ca\/wp-json\/wp\/v2\/comments?post=41177"}],"version-history":[{"count":0,"href":"https:\/\/radio.umh.es\/ca\/wp-json\/wp\/v2\/posts\/41177\/revisions"}],"wp:attachment":[{"href":"https:\/\/radio.umh.es\/ca\/wp-json\/wp\/v2\/media?parent=41177"}],"wp:term":[{"taxonomy":"category","embeddable":true,"href":"https:\/\/radio.umh.es\/ca\/wp-json\/wp\/v2\/categories?post=41177"},{"taxonomy":"post_tag","embeddable":true,"href":"https:\/\/radio.umh.es\/ca\/wp-json\/wp\/v2\/tags?post=41177"}],"curies":[{"name":"wp","href":"https:\/\/api.w.org\/{rel}","templated":true}]}}