{"id":42236,"date":"2018-12-07T12:35:28","date_gmt":"2018-12-07T11:35:28","guid":{"rendered":"https:\/\/radio.umh.es\/?p=42236"},"modified":"2018-12-07T12:17:12","modified_gmt":"2018-12-07T11:17:12","slug":"que-bien-es-viernes-y-ademas-la-navidad-esta-llegando-a-radio-umh-en-cuentame-mas-7-de-diciembre-de-2018","status":"publish","type":"post","link":"https:\/\/radio.umh.es\/ca\/2018\/12\/07\/que-bien-es-viernes-y-ademas-la-navidad-esta-llegando-a-radio-umh-en-cuentame-mas-7-de-diciembre-de-2018\/","title":{"rendered":"<span lang=\"es\">(Espa\u00f1ol) \u00a1Qu\u00e9 bien, es viernes y adem\u00e1s la navidad est\u00e1 llegando a Radio UMH!, en &#8220;Cu\u00e9ntame mas&#8221;, 7 de diciembre de 2018<\/span>"},"content":{"rendered":"<p class=\"qtranxs-available-languages-message qtranxs-available-languages-message-ca\">Ho sent, per\u00f2 aquesta entrada nom\u00e9s est\u00e0 disponible en <a href=\"https:\/\/radio.umh.es\/es\/wp-json\/wp\/v2\/posts\/42236\" class=\"qtranxs-available-language-link qtranxs-available-language-link-es\" title=\"Espa\u00f1ol\">Espanyol Europeu<\/a>.<\/p>","protected":false},"excerpt":{"rendered":"<p>Ho sent, per\u00f2 aquesta entrada nom\u00e9s est\u00e0 disponible en Espanyol Europeu.<\/p>\n","protected":false},"author":4424,"featured_media":0,"comment_status":"closed","ping_status":"open","sticky":false,"template":"","format":"standard","meta":{"ngg_post_thumbnail":0,"_links_to":"","_links_to_target":""},"categories":[66026],"tags":[35910],"publishpress_future_action":{"enabled":false,"date":"1970-01-01 01:00:00","action":"","terms":[],"taxonomy":"","browser_timezone_offset":0},"_links":{"self":[{"href":"https:\/\/radio.umh.es\/ca\/wp-json\/wp\/v2\/posts\/42236"}],"collection":[{"href":"https:\/\/radio.umh.es\/ca\/wp-json\/wp\/v2\/posts"}],"about":[{"href":"https:\/\/radio.umh.es\/ca\/wp-json\/wp\/v2\/types\/post"}],"author":[{"embeddable":true,"href":"https:\/\/radio.umh.es\/ca\/wp-json\/wp\/v2\/users\/4424"}],"replies":[{"embeddable":true,"href":"https:\/\/radio.umh.es\/ca\/wp-json\/wp\/v2\/comments?post=42236"}],"version-history":[{"count":0,"href":"https:\/\/radio.umh.es\/ca\/wp-json\/wp\/v2\/posts\/42236\/revisions"}],"wp:attachment":[{"href":"https:\/\/radio.umh.es\/ca\/wp-json\/wp\/v2\/media?parent=42236"}],"wp:term":[{"taxonomy":"category","embeddable":true,"href":"https:\/\/radio.umh.es\/ca\/wp-json\/wp\/v2\/categories?post=42236"},{"taxonomy":"post_tag","embeddable":true,"href":"https:\/\/radio.umh.es\/ca\/wp-json\/wp\/v2\/tags?post=42236"}],"curies":[{"name":"wp","href":"https:\/\/api.w.org\/{rel}","templated":true}]}}