{"id":46784,"date":"2019-02-26T14:15:34","date_gmt":"2019-02-26T13:15:34","guid":{"rendered":"http:\/\/radio.umh.es\/?p=46784"},"modified":"2019-02-26T14:53:53","modified_gmt":"2019-02-26T13:53:53","slug":"la-vicerrectora-de-relaciones-institucionales-de-la-umh-renueva-los-convenios-para-que-estudiantes-realicen-practicas-durante-el-camino-de-santiago-en-informativos-umh-26-de-febrero-de-2019","status":"publish","type":"post","link":"https:\/\/radio.umh.es\/ca\/2019\/02\/26\/la-vicerrectora-de-relaciones-institucionales-de-la-umh-renueva-los-convenios-para-que-estudiantes-realicen-practicas-durante-el-camino-de-santiago-en-informativos-umh-26-de-febrero-de-2019\/","title":{"rendered":"<span lang=\"es\">(Espa\u00f1ol) La vicerrectora de Relaciones Institucionales de la UMH renueva los convenios para que estudiantes realicen pr\u00e1cticas durante el Camino de Santiago, en &#8220;Informativos UMH&#8221;, 26 de febrero de 2019<\/span>"},"content":{"rendered":"<p class=\"qtranxs-available-languages-message qtranxs-available-languages-message-ca\">Ho sent, per\u00f2 aquesta entrada nom\u00e9s est\u00e0 disponible en <a href=\"https:\/\/radio.umh.es\/es\/wp-json\/wp\/v2\/posts\/46784\" class=\"qtranxs-available-language-link qtranxs-available-language-link-es\" title=\"Espa\u00f1ol\">Espanyol Europeu<\/a>.<\/p>","protected":false},"excerpt":{"rendered":"<p>Ho sent, per\u00f2 aquesta entrada nom\u00e9s est\u00e0 disponible en Espanyol Europeu.<\/p>\n","protected":false},"author":4436,"featured_media":0,"comment_status":"closed","ping_status":"open","sticky":false,"template":"","format":"standard","meta":{"ngg_post_thumbnail":0,"_links_to":"","_links_to_target":""},"categories":[3878],"tags":[47500,40813,570,1776,1698,76373,1757,1758,76376,76370,49357],"publishpress_future_action":{"enabled":false,"date":"1970-01-01 01:00:00","action":"","terms":[],"taxonomy":"","browser_timezone_offset":0},"_links":{"self":[{"href":"https:\/\/radio.umh.es\/ca\/wp-json\/wp\/v2\/posts\/46784"}],"collection":[{"href":"https:\/\/radio.umh.es\/ca\/wp-json\/wp\/v2\/posts"}],"about":[{"href":"https:\/\/radio.umh.es\/ca\/wp-json\/wp\/v2\/types\/post"}],"author":[{"embeddable":true,"href":"https:\/\/radio.umh.es\/ca\/wp-json\/wp\/v2\/users\/4436"}],"replies":[{"embeddable":true,"href":"https:\/\/radio.umh.es\/ca\/wp-json\/wp\/v2\/comments?post=46784"}],"version-history":[{"count":0,"href":"https:\/\/radio.umh.es\/ca\/wp-json\/wp\/v2\/posts\/46784\/revisions"}],"wp:attachment":[{"href":"https:\/\/radio.umh.es\/ca\/wp-json\/wp\/v2\/media?parent=46784"}],"wp:term":[{"taxonomy":"category","embeddable":true,"href":"https:\/\/radio.umh.es\/ca\/wp-json\/wp\/v2\/categories?post=46784"},{"taxonomy":"post_tag","embeddable":true,"href":"https:\/\/radio.umh.es\/ca\/wp-json\/wp\/v2\/tags?post=46784"}],"curies":[{"name":"wp","href":"https:\/\/api.w.org\/{rel}","templated":true}]}}