{"id":48194,"date":"2019-03-22T12:05:06","date_gmt":"2019-03-22T11:05:06","guid":{"rendered":"http:\/\/radio.umh.es\/?p=48194"},"modified":"2019-03-20T10:47:34","modified_gmt":"2019-03-20T09:47:34","slug":"rafael-maldonado-catedratico-de-la-facultad-de-farmacologia-en-la-universitat-pompeu-fabra-de-barcelona-en-consentido-22-de-marzo-de-2019","status":"publish","type":"post","link":"https:\/\/radio.umh.es\/ca\/2019\/03\/22\/rafael-maldonado-catedratico-de-la-facultad-de-farmacologia-en-la-universitat-pompeu-fabra-de-barcelona-en-consentido-22-de-marzo-de-2019\/","title":{"rendered":"<span lang=\"es\">(Espa\u00f1ol) Rafael Maldonado, Catedr\u00e1tico de la Facultad de Farmacolog\u00eda en la Universitat Pompeu Fabra de Barcelona, en &#8220;Consentido&#8221;, 22 de marzo de 2019<\/span>"},"content":{"rendered":"<p class=\"qtranxs-available-languages-message qtranxs-available-languages-message-ca\">Ho sent, per\u00f2 aquesta entrada nom\u00e9s est\u00e0 disponible en <a href=\"https:\/\/radio.umh.es\/es\/wp-json\/wp\/v2\/posts\/48194\" class=\"qtranxs-available-language-link qtranxs-available-language-link-es\" title=\"Espa\u00f1ol\">Espanyol Europeu<\/a>.<\/p>","protected":false},"excerpt":{"rendered":"<p>Ho sent, per\u00f2 aquesta entrada nom\u00e9s est\u00e0 disponible en Espanyol Europeu.<\/p>\n","protected":false},"author":4439,"featured_media":0,"comment_status":"closed","ping_status":"open","sticky":false,"template":"","format":"standard","meta":{"ngg_post_thumbnail":0,"_links_to":"","_links_to_target":""},"categories":[55152],"tags":[21593,74225,30770,76577,36643],"publishpress_future_action":{"enabled":false,"date":"1970-01-01 01:00:00","action":"","terms":[],"taxonomy":"","browser_timezone_offset":0},"_links":{"self":[{"href":"https:\/\/radio.umh.es\/ca\/wp-json\/wp\/v2\/posts\/48194"}],"collection":[{"href":"https:\/\/radio.umh.es\/ca\/wp-json\/wp\/v2\/posts"}],"about":[{"href":"https:\/\/radio.umh.es\/ca\/wp-json\/wp\/v2\/types\/post"}],"author":[{"embeddable":true,"href":"https:\/\/radio.umh.es\/ca\/wp-json\/wp\/v2\/users\/4439"}],"replies":[{"embeddable":true,"href":"https:\/\/radio.umh.es\/ca\/wp-json\/wp\/v2\/comments?post=48194"}],"version-history":[{"count":0,"href":"https:\/\/radio.umh.es\/ca\/wp-json\/wp\/v2\/posts\/48194\/revisions"}],"wp:attachment":[{"href":"https:\/\/radio.umh.es\/ca\/wp-json\/wp\/v2\/media?parent=48194"}],"wp:term":[{"taxonomy":"category","embeddable":true,"href":"https:\/\/radio.umh.es\/ca\/wp-json\/wp\/v2\/categories?post=48194"},{"taxonomy":"post_tag","embeddable":true,"href":"https:\/\/radio.umh.es\/ca\/wp-json\/wp\/v2\/tags?post=48194"}],"curies":[{"name":"wp","href":"https:\/\/api.w.org\/{rel}","templated":true}]}}