{"id":50033,"date":"2019-04-12T14:35:58","date_gmt":"2019-04-12T12:35:58","guid":{"rendered":"http:\/\/radio.umh.es\/?p=50033"},"modified":"2019-04-12T17:01:50","modified_gmt":"2019-04-12T15:01:50","slug":"la-sanidad-tras-las-elecciones-en-salud-al-dia-la-banda-nota-de-planck-en-trending-topic-un-emotivo-momento-en-la-voz-de-adacea-y-mucho-mas-en-lo-mejor-de-la-semana-de-radio-umh-12","status":"publish","type":"post","link":"https:\/\/radio.umh.es\/ca\/2019\/04\/12\/la-sanidad-tras-las-elecciones-en-salud-al-dia-la-banda-nota-de-planck-en-trending-topic-un-emotivo-momento-en-la-voz-de-adacea-y-mucho-mas-en-lo-mejor-de-la-semana-de-radio-umh-12\/","title":{"rendered":"<span lang=\"es\">(Espa\u00f1ol) La sanidad tras las elecciones en &#8220;Salud al d\u00eda&#8221;, la banda Nota de Planck en &#8220;Trending Topic&#8221;, un emotivo momento en &#8220;La voz de Adacea&#8221; y mucho m\u00e1s, en &#8220;Lo mejor de la semana de Radio UMH&#8221;, 12 de abril de 2019<\/span>"},"content":{"rendered":"<p class=\"qtranxs-available-languages-message qtranxs-available-languages-message-ca\">Ho sent, per\u00f2 aquesta entrada nom\u00e9s est\u00e0 disponible en <a href=\"https:\/\/radio.umh.es\/es\/wp-json\/wp\/v2\/posts\/50033\" class=\"qtranxs-available-language-link qtranxs-available-language-link-es\" title=\"Espa\u00f1ol\">Espanyol Europeu<\/a>.<\/p>","protected":false},"excerpt":{"rendered":"<p>Ho sent, per\u00f2 aquesta entrada nom\u00e9s est\u00e0 disponible en Espanyol Europeu.<\/p>\n","protected":false},"author":4307,"featured_media":0,"comment_status":"closed","ping_status":"open","sticky":false,"template":"","format":"standard","meta":{"ngg_post_thumbnail":0,"_links_to":"","_links_to_target":""},"categories":[65999],"tags":[539,28701,353,1766,14736,3081,38817],"publishpress_future_action":{"enabled":false,"date":"1970-01-01 01:00:00","action":"","terms":[],"taxonomy":"","browser_timezone_offset":0},"_links":{"self":[{"href":"https:\/\/radio.umh.es\/ca\/wp-json\/wp\/v2\/posts\/50033"}],"collection":[{"href":"https:\/\/radio.umh.es\/ca\/wp-json\/wp\/v2\/posts"}],"about":[{"href":"https:\/\/radio.umh.es\/ca\/wp-json\/wp\/v2\/types\/post"}],"author":[{"embeddable":true,"href":"https:\/\/radio.umh.es\/ca\/wp-json\/wp\/v2\/users\/4307"}],"replies":[{"embeddable":true,"href":"https:\/\/radio.umh.es\/ca\/wp-json\/wp\/v2\/comments?post=50033"}],"version-history":[{"count":0,"href":"https:\/\/radio.umh.es\/ca\/wp-json\/wp\/v2\/posts\/50033\/revisions"}],"wp:attachment":[{"href":"https:\/\/radio.umh.es\/ca\/wp-json\/wp\/v2\/media?parent=50033"}],"wp:term":[{"taxonomy":"category","embeddable":true,"href":"https:\/\/radio.umh.es\/ca\/wp-json\/wp\/v2\/categories?post=50033"},{"taxonomy":"post_tag","embeddable":true,"href":"https:\/\/radio.umh.es\/ca\/wp-json\/wp\/v2\/tags?post=50033"}],"curies":[{"name":"wp","href":"https:\/\/api.w.org\/{rel}","templated":true}]}}