{"id":51392,"date":"2019-05-16T14:14:05","date_gmt":"2019-05-16T12:14:05","guid":{"rendered":"http:\/\/radio.umh.es\/?p=51392"},"modified":"2019-05-16T14:50:25","modified_gmt":"2019-05-16T12:50:25","slug":"la-festividad-de-san-isidro-labrador-en-la-escuela-politecnica-superior-de-orihuela-en-informativos-umh-16-de-mayo-de-2019","status":"publish","type":"post","link":"https:\/\/radio.umh.es\/ca\/2019\/05\/16\/la-festividad-de-san-isidro-labrador-en-la-escuela-politecnica-superior-de-orihuela-en-informativos-umh-16-de-mayo-de-2019\/","title":{"rendered":"<span lang=\"es\">(Espa\u00f1ol) La festividad de San Isidro Labrador en la Escuela Polit\u00e9cnica Superior de Orihuela, en &#8220;Informativos UMH&#8221;, 16 de mayo de 2019<\/span>"},"content":{"rendered":"<p class=\"qtranxs-available-languages-message qtranxs-available-languages-message-ca\">Ho sent, per\u00f2 aquesta entrada nom\u00e9s est\u00e0 disponible en <a href=\"https:\/\/radio.umh.es\/es\/wp-json\/wp\/v2\/posts\/51392\" class=\"qtranxs-available-language-link qtranxs-available-language-link-es\" title=\"Espa\u00f1ol\">Espanyol Europeu<\/a>.<\/p>","protected":false},"excerpt":{"rendered":"<p>Ho sent, per\u00f2 aquesta entrada nom\u00e9s est\u00e0 disponible en Espanyol Europeu.<\/p>\n","protected":false},"author":4436,"featured_media":0,"comment_status":"closed","ping_status":"open","sticky":false,"template":"","format":"standard","meta":{"ngg_post_thumbnail":0,"_links_to":"","_links_to_target":""},"categories":[3878],"tags":[259,42731,29380,257,368,55105,29620,3260,14763,181,71090,51222],"publishpress_future_action":{"enabled":false,"date":"1970-01-01 01:00:00","action":"","terms":[],"taxonomy":"","browser_timezone_offset":0},"_links":{"self":[{"href":"https:\/\/radio.umh.es\/ca\/wp-json\/wp\/v2\/posts\/51392"}],"collection":[{"href":"https:\/\/radio.umh.es\/ca\/wp-json\/wp\/v2\/posts"}],"about":[{"href":"https:\/\/radio.umh.es\/ca\/wp-json\/wp\/v2\/types\/post"}],"author":[{"embeddable":true,"href":"https:\/\/radio.umh.es\/ca\/wp-json\/wp\/v2\/users\/4436"}],"replies":[{"embeddable":true,"href":"https:\/\/radio.umh.es\/ca\/wp-json\/wp\/v2\/comments?post=51392"}],"version-history":[{"count":0,"href":"https:\/\/radio.umh.es\/ca\/wp-json\/wp\/v2\/posts\/51392\/revisions"}],"wp:attachment":[{"href":"https:\/\/radio.umh.es\/ca\/wp-json\/wp\/v2\/media?parent=51392"}],"wp:term":[{"taxonomy":"category","embeddable":true,"href":"https:\/\/radio.umh.es\/ca\/wp-json\/wp\/v2\/categories?post=51392"},{"taxonomy":"post_tag","embeddable":true,"href":"https:\/\/radio.umh.es\/ca\/wp-json\/wp\/v2\/tags?post=51392"}],"curies":[{"name":"wp","href":"https:\/\/api.w.org\/{rel}","templated":true}]}}