{"id":51737,"date":"2019-05-23T09:10:55","date_gmt":"2019-05-23T07:10:55","guid":{"rendered":"http:\/\/radio.umh.es\/?p=51737"},"modified":"2019-05-24T11:58:31","modified_gmt":"2019-05-24T09:58:31","slug":"3x147-una-beluga-espia-sigue-a-barcos-noruegos-que-fue-de-sonia-y-selena-el-cafe-con-leche-es-como-el-cafe-pero-con-leche-quien-dijo-esto-en-despierta-umh","status":"publish","type":"post","link":"https:\/\/radio.umh.es\/ca\/2019\/05\/23\/3x147-una-beluga-espia-sigue-a-barcos-noruegos-que-fue-de-sonia-y-selena-el-cafe-con-leche-es-como-el-cafe-pero-con-leche-quien-dijo-esto-en-despierta-umh\/","title":{"rendered":"<span lang=\"es\">(Espa\u00f1ol) 3\u00d7146 Una beluga esp\u00eda sigue a barcos noruegos. \u00bfQu\u00e9 fue de Sonia y Selena? El caf\u00e9 con leche es como el caf\u00e9\u2026 pero con leche, \u00bfqui\u00e9n dijo esto? , en \u00abDespierta UMH\u00bb, 23 de mayo de 2019<\/span>"},"content":{"rendered":"<p class=\"qtranxs-available-languages-message qtranxs-available-languages-message-ca\">Ho sent, per\u00f2 aquesta entrada nom\u00e9s est\u00e0 disponible en <a href=\"https:\/\/radio.umh.es\/es\/wp-json\/wp\/v2\/posts\/51737\" class=\"qtranxs-available-language-link qtranxs-available-language-link-es\" title=\"Espa\u00f1ol\">Espanyol Europeu<\/a>.<\/p>","protected":false},"excerpt":{"rendered":"<p>Ho sent, per\u00f2 aquesta entrada nom\u00e9s est\u00e0 disponible en Espanyol Europeu.<\/p>\n","protected":false},"author":4712,"featured_media":0,"comment_status":"closed","ping_status":"open","sticky":false,"template":"","format":"standard","meta":{"ngg_post_thumbnail":0,"_links_to":"","_links_to_target":""},"categories":[66047],"tags":[21652,78269,78254,78260,66047,78257,78272,4479,30078,78278,697,46041,78281],"publishpress_future_action":{"enabled":false,"date":"1970-01-01 01:00:00","action":"","terms":[],"taxonomy":"","browser_timezone_offset":0},"_links":{"self":[{"href":"https:\/\/radio.umh.es\/ca\/wp-json\/wp\/v2\/posts\/51737"}],"collection":[{"href":"https:\/\/radio.umh.es\/ca\/wp-json\/wp\/v2\/posts"}],"about":[{"href":"https:\/\/radio.umh.es\/ca\/wp-json\/wp\/v2\/types\/post"}],"author":[{"embeddable":true,"href":"https:\/\/radio.umh.es\/ca\/wp-json\/wp\/v2\/users\/4712"}],"replies":[{"embeddable":true,"href":"https:\/\/radio.umh.es\/ca\/wp-json\/wp\/v2\/comments?post=51737"}],"version-history":[{"count":0,"href":"https:\/\/radio.umh.es\/ca\/wp-json\/wp\/v2\/posts\/51737\/revisions"}],"wp:attachment":[{"href":"https:\/\/radio.umh.es\/ca\/wp-json\/wp\/v2\/media?parent=51737"}],"wp:term":[{"taxonomy":"category","embeddable":true,"href":"https:\/\/radio.umh.es\/ca\/wp-json\/wp\/v2\/categories?post=51737"},{"taxonomy":"post_tag","embeddable":true,"href":"https:\/\/radio.umh.es\/ca\/wp-json\/wp\/v2\/tags?post=51737"}],"curies":[{"name":"wp","href":"https:\/\/api.w.org\/{rel}","templated":true}]}}