{"id":53204,"date":"2019-07-01T14:14:19","date_gmt":"2019-07-01T12:14:19","guid":{"rendered":"http:\/\/radio.umh.es\/?p=53204"},"modified":"2019-07-01T18:12:07","modified_gmt":"2019-07-01T16:12:07","slug":"arrancan-las-pruebas-de-acceso-a-la-universidad-de-la-convocatoria-de-julio-en-la-comunidad-valenciana-en-informativos-umh-01-de-julio-de-2019","status":"publish","type":"post","link":"https:\/\/radio.umh.es\/ca\/2019\/07\/01\/arrancan-las-pruebas-de-acceso-a-la-universidad-de-la-convocatoria-de-julio-en-la-comunidad-valenciana-en-informativos-umh-01-de-julio-de-2019\/","title":{"rendered":"<span lang=\"es\">(Espa\u00f1ol) Arrancan las Pruebas de Acceso a la Universidad de la convocatoria de julio en la Comunidad Valenciana, en \u00abInformativos UMH\u00bb, 01 de julio de 2019.<\/span>"},"content":{"rendered":"<p class=\"qtranxs-available-languages-message qtranxs-available-languages-message-ca\">Ho sent, per\u00f2 aquesta entrada nom\u00e9s est\u00e0 disponible en <a href=\"https:\/\/radio.umh.es\/es\/wp-json\/wp\/v2\/posts\/53204\" class=\"qtranxs-available-language-link qtranxs-available-language-link-es\" title=\"Espa\u00f1ol\">Espanyol Europeu<\/a>.<\/p>","protected":false},"excerpt":{"rendered":"<p>Ho sent, per\u00f2 aquesta entrada nom\u00e9s est\u00e0 disponible en Espanyol Europeu.<\/p>\n","protected":false},"author":4646,"featured_media":0,"comment_status":"closed","ping_status":"open","sticky":false,"template":"","format":"standard","meta":{"ngg_post_thumbnail":0,"_links_to":"","_links_to_target":""},"categories":[3878],"tags":[78806,78911,45373],"publishpress_future_action":{"enabled":false,"date":"1970-01-01 01:00:00","action":"","terms":[],"taxonomy":"","browser_timezone_offset":0},"_links":{"self":[{"href":"https:\/\/radio.umh.es\/ca\/wp-json\/wp\/v2\/posts\/53204"}],"collection":[{"href":"https:\/\/radio.umh.es\/ca\/wp-json\/wp\/v2\/posts"}],"about":[{"href":"https:\/\/radio.umh.es\/ca\/wp-json\/wp\/v2\/types\/post"}],"author":[{"embeddable":true,"href":"https:\/\/radio.umh.es\/ca\/wp-json\/wp\/v2\/users\/4646"}],"replies":[{"embeddable":true,"href":"https:\/\/radio.umh.es\/ca\/wp-json\/wp\/v2\/comments?post=53204"}],"version-history":[{"count":0,"href":"https:\/\/radio.umh.es\/ca\/wp-json\/wp\/v2\/posts\/53204\/revisions"}],"wp:attachment":[{"href":"https:\/\/radio.umh.es\/ca\/wp-json\/wp\/v2\/media?parent=53204"}],"wp:term":[{"taxonomy":"category","embeddable":true,"href":"https:\/\/radio.umh.es\/ca\/wp-json\/wp\/v2\/categories?post=53204"},{"taxonomy":"post_tag","embeddable":true,"href":"https:\/\/radio.umh.es\/ca\/wp-json\/wp\/v2\/tags?post=53204"}],"curies":[{"name":"wp","href":"https:\/\/api.w.org\/{rel}","templated":true}]}}