{"id":53252,"date":"2019-07-05T13:01:11","date_gmt":"2019-07-05T11:01:11","guid":{"rendered":"http:\/\/radio.umh.es\/?p=53252"},"modified":"2019-07-03T11:38:30","modified_gmt":"2019-07-03T09:38:30","slug":"los-factores-de-riesgo-cardiovascular-y-la-importancia-de-una-buena-alimentacion-para-prevenir-enfermedades-en-onda-salud-5-de-julio-de-2019","status":"publish","type":"post","link":"https:\/\/radio.umh.es\/ca\/2019\/07\/05\/los-factores-de-riesgo-cardiovascular-y-la-importancia-de-una-buena-alimentacion-para-prevenir-enfermedades-en-onda-salud-5-de-julio-de-2019\/","title":{"rendered":"<span lang=\"es\">(Espa\u00f1ol) Los factores de riesgo cardiovascular y la importancia de una buena alimentaci\u00f3n para prevenir enfermedades, en &#8220;Onda Salud&#8221;, 5 de julio de 2019<\/span>"},"content":{"rendered":"<p class=\"qtranxs-available-languages-message qtranxs-available-languages-message-ca\">Ho sent, per\u00f2 aquesta entrada nom\u00e9s est\u00e0 disponible en <a href=\"https:\/\/radio.umh.es\/es\/wp-json\/wp\/v2\/posts\/53252\" class=\"qtranxs-available-language-link qtranxs-available-language-link-es\" title=\"Espa\u00f1ol\">Espanyol Europeu<\/a>.<\/p>","protected":false},"excerpt":{"rendered":"<p>Ho sent, per\u00f2 aquesta entrada nom\u00e9s est\u00e0 disponible en Espanyol Europeu.<\/p>\n","protected":false},"author":3201,"featured_media":0,"comment_status":"closed","ping_status":"open","sticky":false,"template":"","format":"standard","meta":{"ngg_post_thumbnail":0,"_links_to":"","_links_to_target":""},"categories":[78554],"tags":[2427,78929,461,52073,30958,69959,4640,3081,78932,55107],"publishpress_future_action":{"enabled":false,"date":"1970-01-01 01:00:00","action":"","terms":[],"taxonomy":"","browser_timezone_offset":0},"_links":{"self":[{"href":"https:\/\/radio.umh.es\/ca\/wp-json\/wp\/v2\/posts\/53252"}],"collection":[{"href":"https:\/\/radio.umh.es\/ca\/wp-json\/wp\/v2\/posts"}],"about":[{"href":"https:\/\/radio.umh.es\/ca\/wp-json\/wp\/v2\/types\/post"}],"author":[{"embeddable":true,"href":"https:\/\/radio.umh.es\/ca\/wp-json\/wp\/v2\/users\/3201"}],"replies":[{"embeddable":true,"href":"https:\/\/radio.umh.es\/ca\/wp-json\/wp\/v2\/comments?post=53252"}],"version-history":[{"count":0,"href":"https:\/\/radio.umh.es\/ca\/wp-json\/wp\/v2\/posts\/53252\/revisions"}],"wp:attachment":[{"href":"https:\/\/radio.umh.es\/ca\/wp-json\/wp\/v2\/media?parent=53252"}],"wp:term":[{"taxonomy":"category","embeddable":true,"href":"https:\/\/radio.umh.es\/ca\/wp-json\/wp\/v2\/categories?post=53252"},{"taxonomy":"post_tag","embeddable":true,"href":"https:\/\/radio.umh.es\/ca\/wp-json\/wp\/v2\/tags?post=53252"}],"curies":[{"name":"wp","href":"https:\/\/api.w.org\/{rel}","templated":true}]}}