{"id":53849,"date":"2019-07-22T14:05:31","date_gmt":"2019-07-22T12:05:31","guid":{"rendered":"http:\/\/radio.umh.es\/?p=53849"},"modified":"2019-07-23T15:56:58","modified_gmt":"2019-07-23T13:56:58","slug":"ultimo-programa-veraniego-entrevistando-a-carlos-right-hablando-del-low-y-mediterranea-festival-en-lo-notas-22-de-julio-de-2019","status":"publish","type":"post","link":"https:\/\/radio.umh.es\/ca\/2019\/07\/22\/ultimo-programa-veraniego-entrevistando-a-carlos-right-hablando-del-low-y-mediterranea-festival-en-lo-notas-22-de-julio-de-2019\/","title":{"rendered":"<span lang=\"es\">(Espa\u00f1ol) \u00daltimo programa veraniego entrevistando a Carlos Right, hablando del Low y Mediterr\u00e1nea Festival, en \u2018Lo Notas\u2019, 22 de julio de 2019<\/span>"},"content":{"rendered":"<p class=\"qtranxs-available-languages-message qtranxs-available-languages-message-ca\">Ho sent, per\u00f2 aquesta entrada nom\u00e9s est\u00e0 disponible en <a href=\"https:\/\/radio.umh.es\/es\/wp-json\/wp\/v2\/posts\/53849\" class=\"qtranxs-available-language-link qtranxs-available-language-link-es\" title=\"Espa\u00f1ol\">Espanyol Europeu<\/a>.<\/p>","protected":false},"excerpt":{"rendered":"<p>Ho sent, per\u00f2 aquesta entrada nom\u00e9s est\u00e0 disponible en Espanyol Europeu.<\/p>\n","protected":false},"author":2931,"featured_media":0,"comment_status":"closed","ping_status":"open","sticky":false,"template":"","format":"standard","meta":{"ngg_post_thumbnail":0,"_links_to":"","_links_to_target":""},"categories":[58222],"tags":[79196,4038,79193,79199,78926,79205,79208,76001,67229,79211,79202,79190,28727],"publishpress_future_action":{"enabled":false,"date":"1970-01-01 01:00:00","action":"","terms":[],"taxonomy":"","browser_timezone_offset":0},"_links":{"self":[{"href":"https:\/\/radio.umh.es\/ca\/wp-json\/wp\/v2\/posts\/53849"}],"collection":[{"href":"https:\/\/radio.umh.es\/ca\/wp-json\/wp\/v2\/posts"}],"about":[{"href":"https:\/\/radio.umh.es\/ca\/wp-json\/wp\/v2\/types\/post"}],"author":[{"embeddable":true,"href":"https:\/\/radio.umh.es\/ca\/wp-json\/wp\/v2\/users\/2931"}],"replies":[{"embeddable":true,"href":"https:\/\/radio.umh.es\/ca\/wp-json\/wp\/v2\/comments?post=53849"}],"version-history":[{"count":0,"href":"https:\/\/radio.umh.es\/ca\/wp-json\/wp\/v2\/posts\/53849\/revisions"}],"wp:attachment":[{"href":"https:\/\/radio.umh.es\/ca\/wp-json\/wp\/v2\/media?parent=53849"}],"wp:term":[{"taxonomy":"category","embeddable":true,"href":"https:\/\/radio.umh.es\/ca\/wp-json\/wp\/v2\/categories?post=53849"},{"taxonomy":"post_tag","embeddable":true,"href":"https:\/\/radio.umh.es\/ca\/wp-json\/wp\/v2\/tags?post=53849"}],"curies":[{"name":"wp","href":"https:\/\/api.w.org\/{rel}","templated":true}]}}