{"id":55230,"date":"2019-10-16T14:15:34","date_gmt":"2019-10-16T12:15:34","guid":{"rendered":"http:\/\/radio.umh.es\/?p=55230"},"modified":"2019-10-17T09:55:50","modified_gmt":"2019-10-17T07:55:50","slug":"la-distincion-de-la-umh-como-premio-solidario-comunidad-valenciana-2019-en-la-categoria-de-administracion-publica-en-informativos-umh-16-de-octubre-de-2019","status":"publish","type":"post","link":"https:\/\/radio.umh.es\/ca\/2019\/10\/16\/la-distincion-de-la-umh-como-premio-solidario-comunidad-valenciana-2019-en-la-categoria-de-administracion-publica-en-informativos-umh-16-de-octubre-de-2019\/","title":{"rendered":"<span lang=\"es\">(Espa\u00f1ol) El Premio Solidario Comunidad Valenciana 2019 en la categor\u00eda de Administraci\u00f3n P\u00fablica de la UMH, en \u00abInformativos UMH\u00bb, 16 de octubre de 2019<\/span>"},"content":{"rendered":"<p class=\"qtranxs-available-languages-message qtranxs-available-languages-message-ca\">Ho sent, per\u00f2 aquesta entrada nom\u00e9s est\u00e0 disponible en <a href=\"https:\/\/radio.umh.es\/es\/wp-json\/wp\/v2\/posts\/55230\" class=\"qtranxs-available-language-link qtranxs-available-language-link-es\" title=\"Espa\u00f1ol\">Espanyol Europeu<\/a>.<\/p>","protected":false},"excerpt":{"rendered":"<p>Ho sent, per\u00f2 aquesta entrada nom\u00e9s est\u00e0 disponible en Espanyol Europeu.<\/p>\n","protected":false},"author":4859,"featured_media":0,"comment_status":"closed","ping_status":"open","sticky":false,"template":"","format":"standard","meta":{"ngg_post_thumbnail":0,"_links_to":"","_links_to_target":""},"categories":[3878],"tags":[39010,791,79796,55107],"publishpress_future_action":{"enabled":false,"date":"1970-01-01 01:00:00","action":"","terms":[],"taxonomy":"","browser_timezone_offset":0},"_links":{"self":[{"href":"https:\/\/radio.umh.es\/ca\/wp-json\/wp\/v2\/posts\/55230"}],"collection":[{"href":"https:\/\/radio.umh.es\/ca\/wp-json\/wp\/v2\/posts"}],"about":[{"href":"https:\/\/radio.umh.es\/ca\/wp-json\/wp\/v2\/types\/post"}],"author":[{"embeddable":true,"href":"https:\/\/radio.umh.es\/ca\/wp-json\/wp\/v2\/users\/4859"}],"replies":[{"embeddable":true,"href":"https:\/\/radio.umh.es\/ca\/wp-json\/wp\/v2\/comments?post=55230"}],"version-history":[{"count":0,"href":"https:\/\/radio.umh.es\/ca\/wp-json\/wp\/v2\/posts\/55230\/revisions"}],"wp:attachment":[{"href":"https:\/\/radio.umh.es\/ca\/wp-json\/wp\/v2\/media?parent=55230"}],"wp:term":[{"taxonomy":"category","embeddable":true,"href":"https:\/\/radio.umh.es\/ca\/wp-json\/wp\/v2\/categories?post=55230"},{"taxonomy":"post_tag","embeddable":true,"href":"https:\/\/radio.umh.es\/ca\/wp-json\/wp\/v2\/tags?post=55230"}],"curies":[{"name":"wp","href":"https:\/\/api.w.org\/{rel}","templated":true}]}}