{"id":56820,"date":"2019-11-13T14:15:45","date_gmt":"2019-11-13T13:15:45","guid":{"rendered":"https:\/\/radio.umh.es\/?p=56820"},"modified":"2019-11-14T11:49:21","modified_gmt":"2019-11-14T10:49:21","slug":"el-5o-congreso-internacional-de-psicologia-clinica-y-de-la-salud-con-ninos-y-adolescentes-en-informativos-umh-13-de-noviembre-de-2019","status":"publish","type":"post","link":"https:\/\/radio.umh.es\/ca\/2019\/11\/13\/el-5o-congreso-internacional-de-psicologia-clinica-y-de-la-salud-con-ninos-y-adolescentes-en-informativos-umh-13-de-noviembre-de-2019\/","title":{"rendered":"<span lang=\"es\">(Espa\u00f1ol) El 5\u00ba Congreso Internacional de Psicolog\u00eda Cl\u00ednica y de la Salud con ni\u00f1os y adolescentes, en \u00abInformativos UMH\u00bb, 13 de noviembre de 2019<\/span>"},"content":{"rendered":"<p class=\"qtranxs-available-languages-message qtranxs-available-languages-message-ca\">Ho sent, per\u00f2 aquesta entrada nom\u00e9s est\u00e0 disponible en <a href=\"https:\/\/radio.umh.es\/es\/wp-json\/wp\/v2\/posts\/56820\" class=\"qtranxs-available-language-link qtranxs-available-language-link-es\" title=\"Espa\u00f1ol\">Espanyol Europeu<\/a>.<\/p>","protected":false},"excerpt":{"rendered":"<p>Ho sent, per\u00f2 aquesta entrada nom\u00e9s est\u00e0 disponible en Espanyol Europeu.<\/p>\n","protected":false},"author":4859,"featured_media":0,"comment_status":"closed","ping_status":"open","sticky":false,"template":"","format":"standard","meta":{"ngg_post_thumbnail":0,"_links_to":"","_links_to_target":""},"categories":[3878],"tags":[282312,282318,73856,282315],"publishpress_future_action":{"enabled":false,"date":"1970-01-01 01:00:00","action":"","terms":[],"taxonomy":"","browser_timezone_offset":0},"_links":{"self":[{"href":"https:\/\/radio.umh.es\/ca\/wp-json\/wp\/v2\/posts\/56820"}],"collection":[{"href":"https:\/\/radio.umh.es\/ca\/wp-json\/wp\/v2\/posts"}],"about":[{"href":"https:\/\/radio.umh.es\/ca\/wp-json\/wp\/v2\/types\/post"}],"author":[{"embeddable":true,"href":"https:\/\/radio.umh.es\/ca\/wp-json\/wp\/v2\/users\/4859"}],"replies":[{"embeddable":true,"href":"https:\/\/radio.umh.es\/ca\/wp-json\/wp\/v2\/comments?post=56820"}],"version-history":[{"count":0,"href":"https:\/\/radio.umh.es\/ca\/wp-json\/wp\/v2\/posts\/56820\/revisions"}],"wp:attachment":[{"href":"https:\/\/radio.umh.es\/ca\/wp-json\/wp\/v2\/media?parent=56820"}],"wp:term":[{"taxonomy":"category","embeddable":true,"href":"https:\/\/radio.umh.es\/ca\/wp-json\/wp\/v2\/categories?post=56820"},{"taxonomy":"post_tag","embeddable":true,"href":"https:\/\/radio.umh.es\/ca\/wp-json\/wp\/v2\/tags?post=56820"}],"curies":[{"name":"wp","href":"https:\/\/api.w.org\/{rel}","templated":true}]}}