{"id":58019,"date":"2019-12-03T09:05:55","date_gmt":"2019-12-03T08:05:55","guid":{"rendered":"https:\/\/radio.umh.es\/?p=58019"},"modified":"2019-12-02T14:00:45","modified_gmt":"2019-12-02T13:00:45","slug":"4x31-repetimos-en-maristas-un-nuevo-caso-de-pareidolia-en-marte-y-challenge-musical-en-despierta-umh-3-de-diciembre-de-2019","status":"publish","type":"post","link":"https:\/\/radio.umh.es\/ca\/2019\/12\/03\/4x31-repetimos-en-maristas-un-nuevo-caso-de-pareidolia-en-marte-y-challenge-musical-en-despierta-umh-3-de-diciembre-de-2019\/","title":{"rendered":"<span lang=\"es\">(Espa\u00f1ol) 4&#215;31 La trompa de Maristas, los socorristas campeones y el challenge musical con el IES 8 de Marzo, en Despierta UMH. 3 de diciembre de 2019<\/span>"},"content":{"rendered":"<p class=\"qtranxs-available-languages-message qtranxs-available-languages-message-ca\">Ho sent, per\u00f2 aquesta entrada nom\u00e9s est\u00e0 disponible en <a href=\"https:\/\/radio.umh.es\/es\/wp-json\/wp\/v2\/posts\/58019\" class=\"qtranxs-available-language-link qtranxs-available-language-link-es\" title=\"Espa\u00f1ol\">Espanyol Europeu<\/a>.<\/p>","protected":false},"excerpt":{"rendered":"<p>Ho sent, per\u00f2 aquesta entrada nom\u00e9s est\u00e0 disponible en Espanyol Europeu.<\/p>\n","protected":false},"author":3099,"featured_media":0,"comment_status":"closed","ping_status":"open","sticky":false,"template":"","format":"standard","meta":{"ngg_post_thumbnail":0,"_links_to":"","_links_to_target":""},"categories":[66047],"tags":[282953,76979,282947,78026,282962,282959,282956,282950],"publishpress_future_action":{"enabled":false,"date":"1970-01-01 01:00:00","action":"","terms":[],"taxonomy":"","browser_timezone_offset":0},"_links":{"self":[{"href":"https:\/\/radio.umh.es\/ca\/wp-json\/wp\/v2\/posts\/58019"}],"collection":[{"href":"https:\/\/radio.umh.es\/ca\/wp-json\/wp\/v2\/posts"}],"about":[{"href":"https:\/\/radio.umh.es\/ca\/wp-json\/wp\/v2\/types\/post"}],"author":[{"embeddable":true,"href":"https:\/\/radio.umh.es\/ca\/wp-json\/wp\/v2\/users\/3099"}],"replies":[{"embeddable":true,"href":"https:\/\/radio.umh.es\/ca\/wp-json\/wp\/v2\/comments?post=58019"}],"version-history":[{"count":0,"href":"https:\/\/radio.umh.es\/ca\/wp-json\/wp\/v2\/posts\/58019\/revisions"}],"wp:attachment":[{"href":"https:\/\/radio.umh.es\/ca\/wp-json\/wp\/v2\/media?parent=58019"}],"wp:term":[{"taxonomy":"category","embeddable":true,"href":"https:\/\/radio.umh.es\/ca\/wp-json\/wp\/v2\/categories?post=58019"},{"taxonomy":"post_tag","embeddable":true,"href":"https:\/\/radio.umh.es\/ca\/wp-json\/wp\/v2\/tags?post=58019"}],"curies":[{"name":"wp","href":"https:\/\/api.w.org\/{rel}","templated":true}]}}