{"id":58457,"date":"2019-03-12T09:03:51","date_gmt":"2019-03-12T08:03:51","guid":{"rendered":"https:\/\/radio.umh.es\/?p=58457"},"modified":"2019-12-09T17:37:02","modified_gmt":"2019-12-09T16:37:02","slug":"3x104-hablamos-con-funambulista-y-hemos-descubierto-que-fue-de-las-supremas-de-mostoles-en-despierta-umh-12-de-marzo-de-2019-2","status":"publish","type":"post","link":"https:\/\/radio.umh.es\/ca\/2019\/03\/12\/3x104-hablamos-con-funambulista-y-hemos-descubierto-que-fue-de-las-supremas-de-mostoles-en-despierta-umh-12-de-marzo-de-2019-2\/","title":{"rendered":"<span lang=\"es\">(Espa\u00f1ol) 3\u00d7104 Hablamos con Funambulista y hemos descubierto que fue de Las Supremas de M\u00f3stoles, en \u201cDespierta UMH\u201d. 12 de marzo de 2019.<\/span>"},"content":{"rendered":"<p class=\"qtranxs-available-languages-message qtranxs-available-languages-message-ca\">Ho sent, per\u00f2 aquesta entrada nom\u00e9s est\u00e0 disponible en <a href=\"https:\/\/radio.umh.es\/es\/wp-json\/wp\/v2\/posts\/58457\" class=\"qtranxs-available-language-link qtranxs-available-language-link-es\" title=\"Espa\u00f1ol\">Espanyol Europeu<\/a>.<\/p>","protected":false},"excerpt":{"rendered":"<p>Ho sent, per\u00f2 aquesta entrada nom\u00e9s est\u00e0 disponible en Espanyol Europeu.<\/p>\n","protected":false},"author":3099,"featured_media":0,"comment_status":"closed","ping_status":"open","sticky":false,"template":"","format":"standard","meta":{"ngg_post_thumbnail":0,"_links_to":"","_links_to_target":""},"categories":[66047],"tags":[70,76790,283242,76784,76787],"publishpress_future_action":{"enabled":false,"date":"1970-01-01 01:00:00","action":"","terms":[],"taxonomy":"","browser_timezone_offset":0},"_links":{"self":[{"href":"https:\/\/radio.umh.es\/ca\/wp-json\/wp\/v2\/posts\/58457"}],"collection":[{"href":"https:\/\/radio.umh.es\/ca\/wp-json\/wp\/v2\/posts"}],"about":[{"href":"https:\/\/radio.umh.es\/ca\/wp-json\/wp\/v2\/types\/post"}],"author":[{"embeddable":true,"href":"https:\/\/radio.umh.es\/ca\/wp-json\/wp\/v2\/users\/3099"}],"replies":[{"embeddable":true,"href":"https:\/\/radio.umh.es\/ca\/wp-json\/wp\/v2\/comments?post=58457"}],"version-history":[{"count":0,"href":"https:\/\/radio.umh.es\/ca\/wp-json\/wp\/v2\/posts\/58457\/revisions"}],"wp:attachment":[{"href":"https:\/\/radio.umh.es\/ca\/wp-json\/wp\/v2\/media?parent=58457"}],"wp:term":[{"taxonomy":"category","embeddable":true,"href":"https:\/\/radio.umh.es\/ca\/wp-json\/wp\/v2\/categories?post=58457"},{"taxonomy":"post_tag","embeddable":true,"href":"https:\/\/radio.umh.es\/ca\/wp-json\/wp\/v2\/tags?post=58457"}],"curies":[{"name":"wp","href":"https:\/\/api.w.org\/{rel}","templated":true}]}}