{"id":58478,"date":"2019-02-27T09:03:05","date_gmt":"2019-02-27T08:03:05","guid":{"rendered":"https:\/\/radio.umh.es\/?p=58478"},"modified":"2019-12-09T18:04:05","modified_gmt":"2019-12-09T17:04:05","slug":"3x95-hablamos-con-varry-brava-y-hemos-descubierto-como-una-accion-ecologista-puede-cambiar-el-mundo-en-despierta-umh-27-de-febrero-de-2019-2","status":"publish","type":"post","link":"https:\/\/radio.umh.es\/ca\/2019\/02\/27\/3x95-hablamos-con-varry-brava-y-hemos-descubierto-como-una-accion-ecologista-puede-cambiar-el-mundo-en-despierta-umh-27-de-febrero-de-2019-2\/","title":{"rendered":"<span lang=\"es\">(Espa\u00f1ol) 3\u00d795 Hablamos con Varry Brava y hemos descubierto como una acci\u00f3n ecologista puede cambiar el mundo, en \u201cDespierta UMH\u201d. 27 de febrero de 2019<\/span>"},"content":{"rendered":"<p class=\"qtranxs-available-languages-message qtranxs-available-languages-message-ca\">Ho sent, per\u00f2 aquesta entrada nom\u00e9s est\u00e0 disponible en <a href=\"https:\/\/radio.umh.es\/es\/wp-json\/wp\/v2\/posts\/58478\" class=\"qtranxs-available-language-link qtranxs-available-language-link-es\" title=\"Espa\u00f1ol\">Espanyol Europeu<\/a>.<\/p>","protected":false},"excerpt":{"rendered":"<p>Ho sent, per\u00f2 aquesta entrada nom\u00e9s est\u00e0 disponible en Espanyol Europeu.<\/p>\n","protected":false},"author":3099,"featured_media":0,"comment_status":"closed","ping_status":"open","sticky":false,"template":"","format":"standard","meta":{"ngg_post_thumbnail":0,"_links_to":"","_links_to_target":""},"categories":[66047],"tags":[76397,76394,283265,76403,68642],"publishpress_future_action":{"enabled":false,"date":"1970-01-01 01:00:00","action":"","terms":[],"taxonomy":"","browser_timezone_offset":0},"_links":{"self":[{"href":"https:\/\/radio.umh.es\/ca\/wp-json\/wp\/v2\/posts\/58478"}],"collection":[{"href":"https:\/\/radio.umh.es\/ca\/wp-json\/wp\/v2\/posts"}],"about":[{"href":"https:\/\/radio.umh.es\/ca\/wp-json\/wp\/v2\/types\/post"}],"author":[{"embeddable":true,"href":"https:\/\/radio.umh.es\/ca\/wp-json\/wp\/v2\/users\/3099"}],"replies":[{"embeddable":true,"href":"https:\/\/radio.umh.es\/ca\/wp-json\/wp\/v2\/comments?post=58478"}],"version-history":[{"count":0,"href":"https:\/\/radio.umh.es\/ca\/wp-json\/wp\/v2\/posts\/58478\/revisions"}],"wp:attachment":[{"href":"https:\/\/radio.umh.es\/ca\/wp-json\/wp\/v2\/media?parent=58478"}],"wp:term":[{"taxonomy":"category","embeddable":true,"href":"https:\/\/radio.umh.es\/ca\/wp-json\/wp\/v2\/categories?post=58478"},{"taxonomy":"post_tag","embeddable":true,"href":"https:\/\/radio.umh.es\/ca\/wp-json\/wp\/v2\/tags?post=58478"}],"curies":[{"name":"wp","href":"https:\/\/api.w.org\/{rel}","templated":true}]}}