{"id":60660,"date":"2020-02-06T20:00:35","date_gmt":"2020-02-06T19:00:35","guid":{"rendered":"https:\/\/radio.umh.es\/?p=60660"},"modified":"2020-02-10T08:15:28","modified_gmt":"2020-02-10T07:15:28","slug":"reaccion-a-universo-de-blas-canto-grammys-y-muchas-novedades-musicales-en-mi-musica-es-tu-onda-6-de-febrero-de-2020","status":"publish","type":"post","link":"https:\/\/radio.umh.es\/ca\/2020\/02\/06\/reaccion-a-universo-de-blas-canto-grammys-y-muchas-novedades-musicales-en-mi-musica-es-tu-onda-6-de-febrero-de-2020\/","title":{"rendered":"<span lang=\"es\">(Espa\u00f1ol) Reacci\u00f3n a Universo de Blas Cant\u00f3, Grammys y muchas novedades musicales, en &#8220;Mi m\u00fasica es tu onda&#8221;, 6 de febrero de 2020<\/span>"},"content":{"rendered":"<p class=\"qtranxs-available-languages-message qtranxs-available-languages-message-ca\">Ho sent, per\u00f2 aquesta entrada nom\u00e9s est\u00e0 disponible en <a href=\"https:\/\/radio.umh.es\/es\/wp-json\/wp\/v2\/posts\/60660\" class=\"qtranxs-available-language-link qtranxs-available-language-link-es\" title=\"Espa\u00f1ol\">Espanyol Europeu<\/a>.<\/p>","protected":false},"excerpt":{"rendered":"<p>Ho sent, per\u00f2 aquesta entrada nom\u00e9s est\u00e0 disponible en Espanyol Europeu.<\/p>\n","protected":false},"author":4880,"featured_media":0,"comment_status":"closed","ping_status":"open","sticky":false,"template":"","format":"standard","meta":{"ngg_post_thumbnail":0,"_links_to":"","_links_to_target":""},"categories":[72380],"tags":[284364,75536,28701,67994,73544],"publishpress_future_action":{"enabled":false,"date":"1970-01-01 01:00:00","action":"","terms":[],"taxonomy":"","browser_timezone_offset":0},"_links":{"self":[{"href":"https:\/\/radio.umh.es\/ca\/wp-json\/wp\/v2\/posts\/60660"}],"collection":[{"href":"https:\/\/radio.umh.es\/ca\/wp-json\/wp\/v2\/posts"}],"about":[{"href":"https:\/\/radio.umh.es\/ca\/wp-json\/wp\/v2\/types\/post"}],"author":[{"embeddable":true,"href":"https:\/\/radio.umh.es\/ca\/wp-json\/wp\/v2\/users\/4880"}],"replies":[{"embeddable":true,"href":"https:\/\/radio.umh.es\/ca\/wp-json\/wp\/v2\/comments?post=60660"}],"version-history":[{"count":0,"href":"https:\/\/radio.umh.es\/ca\/wp-json\/wp\/v2\/posts\/60660\/revisions"}],"wp:attachment":[{"href":"https:\/\/radio.umh.es\/ca\/wp-json\/wp\/v2\/media?parent=60660"}],"wp:term":[{"taxonomy":"category","embeddable":true,"href":"https:\/\/radio.umh.es\/ca\/wp-json\/wp\/v2\/categories?post=60660"},{"taxonomy":"post_tag","embeddable":true,"href":"https:\/\/radio.umh.es\/ca\/wp-json\/wp\/v2\/tags?post=60660"}],"curies":[{"name":"wp","href":"https:\/\/api.w.org\/{rel}","templated":true}]}}