{"id":62778,"date":"2020-03-10T12:05:07","date_gmt":"2020-03-10T11:05:07","guid":{"rendered":"https:\/\/radio.umh.es\/?p=62778"},"modified":"2020-03-09T13:34:24","modified_gmt":"2020-03-09T12:34:24","slug":"hablamos-con-laura-pina-y-paula-rivera-del-datil-umh-team-y-la-competicion-shell-eco-marathon-en-mujeres-ingenieras-10-de-marzo-de-2020","status":"publish","type":"post","link":"https:\/\/radio.umh.es\/ca\/2020\/03\/10\/hablamos-con-laura-pina-y-paula-rivera-del-datil-umh-team-y-la-competicion-shell-eco-marathon-en-mujeres-ingenieras-10-de-marzo-de-2020\/","title":{"rendered":"<span lang=\"es\">(Espa\u00f1ol) Hablamos con Laura Pina y Paula Rivera del \u201cD\u00e1til UMH Team\u201d y la competici\u00f3n \u201cShell Eco-marathon\u201d, en &#8220;Mujeres Ingenieras&#8221;, 10 de marzo de 2020<\/span>"},"content":{"rendered":"<p class=\"qtranxs-available-languages-message qtranxs-available-languages-message-ca\">Ho sent, per\u00f2 aquesta entrada nom\u00e9s est\u00e0 disponible en <a href=\"https:\/\/radio.umh.es\/es\/wp-json\/wp\/v2\/posts\/62778\" class=\"qtranxs-available-language-link qtranxs-available-language-link-es\" title=\"Espa\u00f1ol\">Espanyol Europeu<\/a>.<\/p>","protected":false},"excerpt":{"rendered":"<p>Ho sent, per\u00f2 aquesta entrada nom\u00e9s est\u00e0 disponible en Espanyol Europeu.<\/p>\n","protected":false},"author":4883,"featured_media":0,"comment_status":"closed","ping_status":"open","sticky":false,"template":"","format":"standard","meta":{"ngg_post_thumbnail":0,"_links_to":"","_links_to_target":""},"categories":[76679],"tags":[],"publishpress_future_action":{"enabled":false,"date":"1970-01-01 01:00:00","action":"","terms":[],"taxonomy":"","browser_timezone_offset":0},"_links":{"self":[{"href":"https:\/\/radio.umh.es\/ca\/wp-json\/wp\/v2\/posts\/62778"}],"collection":[{"href":"https:\/\/radio.umh.es\/ca\/wp-json\/wp\/v2\/posts"}],"about":[{"href":"https:\/\/radio.umh.es\/ca\/wp-json\/wp\/v2\/types\/post"}],"author":[{"embeddable":true,"href":"https:\/\/radio.umh.es\/ca\/wp-json\/wp\/v2\/users\/4883"}],"replies":[{"embeddable":true,"href":"https:\/\/radio.umh.es\/ca\/wp-json\/wp\/v2\/comments?post=62778"}],"version-history":[{"count":0,"href":"https:\/\/radio.umh.es\/ca\/wp-json\/wp\/v2\/posts\/62778\/revisions"}],"wp:attachment":[{"href":"https:\/\/radio.umh.es\/ca\/wp-json\/wp\/v2\/media?parent=62778"}],"wp:term":[{"taxonomy":"category","embeddable":true,"href":"https:\/\/radio.umh.es\/ca\/wp-json\/wp\/v2\/categories?post=62778"},{"taxonomy":"post_tag","embeddable":true,"href":"https:\/\/radio.umh.es\/ca\/wp-json\/wp\/v2\/tags?post=62778"}],"curies":[{"name":"wp","href":"https:\/\/api.w.org\/{rel}","templated":true}]}}