{"id":63477,"date":"2020-03-31T14:05:40","date_gmt":"2020-03-31T12:05:40","guid":{"rendered":"https:\/\/radio.umh.es\/?p=63477"},"modified":"2020-04-02T13:12:49","modified_gmt":"2020-04-02T11:12:49","slug":"alejandra-el-nuevo-tema-de-sunvalley-y-las-nuevas-fechas-de-los-principales-festivales-nacionales-de-musica-en-lo-notas-31-de-marzo-de-2020","status":"publish","type":"post","link":"https:\/\/radio.umh.es\/ca\/2020\/03\/31\/alejandra-el-nuevo-tema-de-sunvalley-y-las-nuevas-fechas-de-los-principales-festivales-nacionales-de-musica-en-lo-notas-31-de-marzo-de-2020\/","title":{"rendered":"<span lang=\"es\">(Espa\u00f1ol) Alejandra, el nuevo tema de Sunvalley y las nuevas fechas de los principales festivales nacionales de m\u00fasica, en \u201cLo Notas\u201d, 31 de marzo de 2020<\/span>"},"content":{"rendered":"<p class=\"qtranxs-available-languages-message qtranxs-available-languages-message-ca\">Ho sent, per\u00f2 aquesta entrada nom\u00e9s est\u00e0 disponible en <a href=\"https:\/\/radio.umh.es\/es\/wp-json\/wp\/v2\/posts\/63477\" class=\"qtranxs-available-language-link qtranxs-available-language-link-es\" title=\"Espa\u00f1ol\">Espanyol Europeu<\/a>.<\/p>","protected":false},"excerpt":{"rendered":"<p>Ho sent, per\u00f2 aquesta entrada nom\u00e9s est\u00e0 disponible en Espanyol Europeu.<\/p>\n","protected":false},"author":2931,"featured_media":0,"comment_status":"closed","ping_status":"open","sticky":false,"template":"","format":"standard","meta":{"ngg_post_thumbnail":0,"_links_to":"","_links_to_target":""},"categories":[58222],"tags":[285942,285945,285954,75530,67229,52049,70442,75998,285948,73091,285957,285951,285939,70589],"publishpress_future_action":{"enabled":false,"date":"1970-01-01 01:00:00","action":"","terms":[],"taxonomy":"","browser_timezone_offset":0},"_links":{"self":[{"href":"https:\/\/radio.umh.es\/ca\/wp-json\/wp\/v2\/posts\/63477"}],"collection":[{"href":"https:\/\/radio.umh.es\/ca\/wp-json\/wp\/v2\/posts"}],"about":[{"href":"https:\/\/radio.umh.es\/ca\/wp-json\/wp\/v2\/types\/post"}],"author":[{"embeddable":true,"href":"https:\/\/radio.umh.es\/ca\/wp-json\/wp\/v2\/users\/2931"}],"replies":[{"embeddable":true,"href":"https:\/\/radio.umh.es\/ca\/wp-json\/wp\/v2\/comments?post=63477"}],"version-history":[{"count":0,"href":"https:\/\/radio.umh.es\/ca\/wp-json\/wp\/v2\/posts\/63477\/revisions"}],"wp:attachment":[{"href":"https:\/\/radio.umh.es\/ca\/wp-json\/wp\/v2\/media?parent=63477"}],"wp:term":[{"taxonomy":"category","embeddable":true,"href":"https:\/\/radio.umh.es\/ca\/wp-json\/wp\/v2\/categories?post=63477"},{"taxonomy":"post_tag","embeddable":true,"href":"https:\/\/radio.umh.es\/ca\/wp-json\/wp\/v2\/tags?post=63477"}],"curies":[{"name":"wp","href":"https:\/\/api.w.org\/{rel}","templated":true}]}}