{"id":68340,"date":"2021-02-16T13:45:35","date_gmt":"2021-02-16T12:45:35","guid":{"rendered":"https:\/\/radio.umh.es\/?p=68340"},"modified":"2021-02-16T08:29:48","modified_gmt":"2021-02-16T07:29:48","slug":"el-anuario-2020-de-appa-en-la-voz-de-algunos-de-sus-protagonistas-en-somos-periodistas-16-de-febrero-de-2021","status":"publish","type":"post","link":"https:\/\/radio.umh.es\/ca\/2021\/02\/16\/el-anuario-2020-de-appa-en-la-voz-de-algunos-de-sus-protagonistas-en-somos-periodistas-16-de-febrero-de-2021\/","title":{"rendered":"<span lang=\"es\">(Espa\u00f1ol) El Anuario 2020 de APPA en la voz de algunos de sus protagonistas , en \u00abSomos Periodistas\u00bb, 16 de febrero de 2021<\/span>"},"content":{"rendered":"<p class=\"qtranxs-available-languages-message qtranxs-available-languages-message-ca\">Ho sent, per\u00f2 aquesta entrada nom\u00e9s est\u00e0 disponible en <a href=\"https:\/\/radio.umh.es\/es\/wp-json\/wp\/v2\/posts\/68340\" class=\"qtranxs-available-language-link qtranxs-available-language-link-es\" title=\"Espa\u00f1ol\">Espanyol Europeu<\/a>.<\/p>","protected":false},"excerpt":{"rendered":"<p>Ho sent, per\u00f2 aquesta entrada nom\u00e9s est\u00e0 disponible en Espanyol Europeu.<\/p>\n","protected":false},"author":2931,"featured_media":0,"comment_status":"closed","ping_status":"open","sticky":false,"template":"","format":"standard","meta":{"ngg_post_thumbnail":0,"_links_to":"","_links_to_target":""},"categories":[287453],"tags":[364993,364987,364990,365020,365017,288048,4769,51166,4351,365002,365011,365014,4301,365005,364999,365008],"publishpress_future_action":{"enabled":false,"date":"1970-01-01 01:00:00","action":"","terms":[],"taxonomy":"","browser_timezone_offset":0},"_links":{"self":[{"href":"https:\/\/radio.umh.es\/ca\/wp-json\/wp\/v2\/posts\/68340"}],"collection":[{"href":"https:\/\/radio.umh.es\/ca\/wp-json\/wp\/v2\/posts"}],"about":[{"href":"https:\/\/radio.umh.es\/ca\/wp-json\/wp\/v2\/types\/post"}],"author":[{"embeddable":true,"href":"https:\/\/radio.umh.es\/ca\/wp-json\/wp\/v2\/users\/2931"}],"replies":[{"embeddable":true,"href":"https:\/\/radio.umh.es\/ca\/wp-json\/wp\/v2\/comments?post=68340"}],"version-history":[{"count":0,"href":"https:\/\/radio.umh.es\/ca\/wp-json\/wp\/v2\/posts\/68340\/revisions"}],"wp:attachment":[{"href":"https:\/\/radio.umh.es\/ca\/wp-json\/wp\/v2\/media?parent=68340"}],"wp:term":[{"taxonomy":"category","embeddable":true,"href":"https:\/\/radio.umh.es\/ca\/wp-json\/wp\/v2\/categories?post=68340"},{"taxonomy":"post_tag","embeddable":true,"href":"https:\/\/radio.umh.es\/ca\/wp-json\/wp\/v2\/tags?post=68340"}],"curies":[{"name":"wp","href":"https:\/\/api.w.org\/{rel}","templated":true}]}}