{"id":68598,"date":"2021-02-25T14:23:21","date_gmt":"2021-02-25T13:23:21","guid":{"rendered":"https:\/\/radio.umh.es\/?p=68598"},"modified":"2021-02-25T14:23:21","modified_gmt":"2021-02-25T13:23:21","slug":"la-umh-inaugura-el-aula-jose-luis-pinillos-en-honor-a-uno-de-los-padres-de-la-psicologia-en-espana-en-informativos-umh-25-de-febrero-de-2021","status":"publish","type":"post","link":"https:\/\/radio.umh.es\/ca\/2021\/02\/25\/la-umh-inaugura-el-aula-jose-luis-pinillos-en-honor-a-uno-de-los-padres-de-la-psicologia-en-espana-en-informativos-umh-25-de-febrero-de-2021\/","title":{"rendered":"<span lang=\"es\">(Espa\u00f1ol) La UMH inaugura el Aula Jos\u00e9 Lu\u00eds Pinillos en honor a uno de los padres de la Psicolog\u00eda en Espa\u00f1a, en &#8220;Informativos UMH&#8221;, 25 de febrero de 2021<\/span>"},"content":{"rendered":"<p class=\"qtranxs-available-languages-message qtranxs-available-languages-message-ca\">Ho sent, per\u00f2 aquesta entrada nom\u00e9s est\u00e0 disponible en <a href=\"https:\/\/radio.umh.es\/es\/wp-json\/wp\/v2\/posts\/68598\" class=\"qtranxs-available-language-link qtranxs-available-language-link-es\" title=\"Espa\u00f1ol\">Espanyol Europeu<\/a>.<\/p>","protected":false},"excerpt":{"rendered":"<p>Ho sent, per\u00f2 aquesta entrada nom\u00e9s est\u00e0 disponible en Espanyol Europeu.<\/p>\n","protected":false},"author":5781,"featured_media":0,"comment_status":"closed","ping_status":"open","sticky":false,"template":"","format":"standard","meta":{"ngg_post_thumbnail":0,"_links_to":"","_links_to_target":""},"categories":[3878],"tags":[75614,74891,79796,365063,419781,419784],"publishpress_future_action":{"enabled":false,"date":"1970-01-01 01:00:00","action":"","terms":[],"taxonomy":"","browser_timezone_offset":0},"_links":{"self":[{"href":"https:\/\/radio.umh.es\/ca\/wp-json\/wp\/v2\/posts\/68598"}],"collection":[{"href":"https:\/\/radio.umh.es\/ca\/wp-json\/wp\/v2\/posts"}],"about":[{"href":"https:\/\/radio.umh.es\/ca\/wp-json\/wp\/v2\/types\/post"}],"author":[{"embeddable":true,"href":"https:\/\/radio.umh.es\/ca\/wp-json\/wp\/v2\/users\/5781"}],"replies":[{"embeddable":true,"href":"https:\/\/radio.umh.es\/ca\/wp-json\/wp\/v2\/comments?post=68598"}],"version-history":[{"count":0,"href":"https:\/\/radio.umh.es\/ca\/wp-json\/wp\/v2\/posts\/68598\/revisions"}],"wp:attachment":[{"href":"https:\/\/radio.umh.es\/ca\/wp-json\/wp\/v2\/media?parent=68598"}],"wp:term":[{"taxonomy":"category","embeddable":true,"href":"https:\/\/radio.umh.es\/ca\/wp-json\/wp\/v2\/categories?post=68598"},{"taxonomy":"post_tag","embeddable":true,"href":"https:\/\/radio.umh.es\/ca\/wp-json\/wp\/v2\/tags?post=68598"}],"curies":[{"name":"wp","href":"https:\/\/api.w.org\/{rel}","templated":true}]}}