{"id":68970,"date":"2021-03-11T13:18:54","date_gmt":"2021-03-11T12:18:54","guid":{"rendered":"https:\/\/radio.umh.es\/?p=68970"},"modified":"2021-03-11T13:22:07","modified_gmt":"2021-03-11T12:22:07","slug":"la-umh-inaugura-en-el-campus-de-elche-de-la-exposicion-con-tacto-politicas-y-poeticas-de-la-tocabilidad-en-informativos-umh-11-de-marzo-de-2021","status":"publish","type":"post","link":"https:\/\/radio.umh.es\/ca\/2021\/03\/11\/la-umh-inaugura-en-el-campus-de-elche-de-la-exposicion-con-tacto-politicas-y-poeticas-de-la-tocabilidad-en-informativos-umh-11-de-marzo-de-2021\/","title":{"rendered":"<span lang=\"es\">(Espa\u00f1ol) La UMH inaugura en el campus de Elche la exposici\u00f3n \u2018Con Tacto. Pol\u00edticas y po\u00e9ticas de la tocabilidad\u2019, en &#8220;Informativos UMH&#8221;, 11 de marzo de 2021<\/span>"},"content":{"rendered":"<p class=\"qtranxs-available-languages-message qtranxs-available-languages-message-ca\">Ho sent, per\u00f2 aquesta entrada nom\u00e9s est\u00e0 disponible en <a href=\"https:\/\/radio.umh.es\/es\/wp-json\/wp\/v2\/posts\/68970\" class=\"qtranxs-available-language-link qtranxs-available-language-link-es\" title=\"Espa\u00f1ol\">Espanyol Europeu<\/a>.<\/p>","protected":false},"excerpt":{"rendered":"<p>Ho sent, per\u00f2 aquesta entrada nom\u00e9s est\u00e0 disponible en Espanyol Europeu.<\/p>\n","protected":false},"author":5781,"featured_media":0,"comment_status":"closed","ping_status":"open","sticky":false,"template":"","format":"standard","meta":{"ngg_post_thumbnail":0,"_links_to":"","_links_to_target":""},"categories":[3878],"tags":[419997,363880,36643,681,419994,419991],"publishpress_future_action":{"enabled":false,"date":"1970-01-01 01:00:00","action":"","terms":[],"taxonomy":"","browser_timezone_offset":0},"_links":{"self":[{"href":"https:\/\/radio.umh.es\/ca\/wp-json\/wp\/v2\/posts\/68970"}],"collection":[{"href":"https:\/\/radio.umh.es\/ca\/wp-json\/wp\/v2\/posts"}],"about":[{"href":"https:\/\/radio.umh.es\/ca\/wp-json\/wp\/v2\/types\/post"}],"author":[{"embeddable":true,"href":"https:\/\/radio.umh.es\/ca\/wp-json\/wp\/v2\/users\/5781"}],"replies":[{"embeddable":true,"href":"https:\/\/radio.umh.es\/ca\/wp-json\/wp\/v2\/comments?post=68970"}],"version-history":[{"count":0,"href":"https:\/\/radio.umh.es\/ca\/wp-json\/wp\/v2\/posts\/68970\/revisions"}],"wp:attachment":[{"href":"https:\/\/radio.umh.es\/ca\/wp-json\/wp\/v2\/media?parent=68970"}],"wp:term":[{"taxonomy":"category","embeddable":true,"href":"https:\/\/radio.umh.es\/ca\/wp-json\/wp\/v2\/categories?post=68970"},{"taxonomy":"post_tag","embeddable":true,"href":"https:\/\/radio.umh.es\/ca\/wp-json\/wp\/v2\/tags?post=68970"}],"curies":[{"name":"wp","href":"https:\/\/api.w.org\/{rel}","templated":true}]}}