{"id":69601,"date":"2021-04-19T15:05:56","date_gmt":"2021-04-19T13:05:56","guid":{"rendered":"https:\/\/radio.umh.es\/?p=69601"},"modified":"2021-04-19T10:19:21","modified_gmt":"2021-04-19T08:19:21","slug":"la-catreda-miguel-hernandez-el-homenaje-a-anton-garcia-abril-y-el-flamenco-pop-de-pura-sangre-en-abriendo-caminos-19-de-abril-de-2021","status":"publish","type":"post","link":"https:\/\/radio.umh.es\/ca\/2021\/04\/19\/la-catreda-miguel-hernandez-el-homenaje-a-anton-garcia-abril-y-el-flamenco-pop-de-pura-sangre-en-abriendo-caminos-19-de-abril-de-2021\/","title":{"rendered":"<span lang=\"es\">(Espa\u00f1ol) La C\u00e1treda Miguel Hern\u00e1ndez, el homenaje a Ant\u00f3n Garc\u00eda Abril y el flamenco pop de Pura Sangre, en &#8220;Abriendo Caminos&#8221;, 19 de abril de 2021<\/span>"},"content":{"rendered":"<p class=\"qtranxs-available-languages-message qtranxs-available-languages-message-ca\">Ho sent, per\u00f2 aquesta entrada nom\u00e9s est\u00e0 disponible en <a href=\"https:\/\/radio.umh.es\/es\/wp-json\/wp\/v2\/posts\/69601\" class=\"qtranxs-available-language-link qtranxs-available-language-link-es\" title=\"Espa\u00f1ol\">Espanyol Europeu<\/a>.<\/p>","protected":false},"excerpt":{"rendered":"<p>Ho sent, per\u00f2 aquesta entrada nom\u00e9s est\u00e0 disponible en Espanyol Europeu.<\/p>\n","protected":false},"author":5784,"featured_media":0,"comment_status":"closed","ping_status":"open","sticky":false,"template":"","format":"standard","meta":{"ngg_post_thumbnail":0,"_links_to":"","_links_to_target":""},"categories":[72698],"tags":[420349,420352,76760,420346,420343,55134],"publishpress_future_action":{"enabled":false,"date":"1970-01-01 01:00:00","action":"","terms":[],"taxonomy":"","browser_timezone_offset":0},"_links":{"self":[{"href":"https:\/\/radio.umh.es\/ca\/wp-json\/wp\/v2\/posts\/69601"}],"collection":[{"href":"https:\/\/radio.umh.es\/ca\/wp-json\/wp\/v2\/posts"}],"about":[{"href":"https:\/\/radio.umh.es\/ca\/wp-json\/wp\/v2\/types\/post"}],"author":[{"embeddable":true,"href":"https:\/\/radio.umh.es\/ca\/wp-json\/wp\/v2\/users\/5784"}],"replies":[{"embeddable":true,"href":"https:\/\/radio.umh.es\/ca\/wp-json\/wp\/v2\/comments?post=69601"}],"version-history":[{"count":0,"href":"https:\/\/radio.umh.es\/ca\/wp-json\/wp\/v2\/posts\/69601\/revisions"}],"wp:attachment":[{"href":"https:\/\/radio.umh.es\/ca\/wp-json\/wp\/v2\/media?parent=69601"}],"wp:term":[{"taxonomy":"category","embeddable":true,"href":"https:\/\/radio.umh.es\/ca\/wp-json\/wp\/v2\/categories?post=69601"},{"taxonomy":"post_tag","embeddable":true,"href":"https:\/\/radio.umh.es\/ca\/wp-json\/wp\/v2\/tags?post=69601"}],"curies":[{"name":"wp","href":"https:\/\/api.w.org\/{rel}","templated":true}]}}