{"id":70211,"date":"2021-05-10T15:05:35","date_gmt":"2021-05-10T13:05:35","guid":{"rendered":"https:\/\/radio.umh.es\/?p=70211"},"modified":"2021-05-03T09:43:29","modified_gmt":"2021-05-03T07:43:29","slug":"experiencia-en-practicas-en-empresas-dia-del-trabajador-y-dia-de-la-madre-en-universidad-inclusiva-10-de-mayo-de-2021","status":"publish","type":"post","link":"https:\/\/radio.umh.es\/ca\/2021\/05\/10\/experiencia-en-practicas-en-empresas-dia-del-trabajador-y-dia-de-la-madre-en-universidad-inclusiva-10-de-mayo-de-2021\/","title":{"rendered":"<span lang=\"es\">(Espa\u00f1ol) Experiencia en pr\u00e1cticas en empresas, D\u00eda del Trabajador y D\u00eda de la Madre, en &#8220;Universidad Inclusiva&#8221;, 10 de mayo de 2021<\/span>"},"content":{"rendered":"<p class=\"qtranxs-available-languages-message qtranxs-available-languages-message-ca\">Ho sent, per\u00f2 aquesta entrada nom\u00e9s est\u00e0 disponible en <a href=\"https:\/\/radio.umh.es\/es\/wp-json\/wp\/v2\/posts\/70211\" class=\"qtranxs-available-language-link qtranxs-available-language-link-es\" title=\"Espa\u00f1ol\">Espanyol Europeu<\/a>.<\/p>","protected":false},"excerpt":{"rendered":"<p>Ho sent, per\u00f2 aquesta entrada nom\u00e9s est\u00e0 disponible en Espanyol Europeu.<\/p>\n","protected":false},"author":5784,"featured_media":0,"comment_status":"closed","ping_status":"open","sticky":false,"template":"","format":"standard","meta":{"ngg_post_thumbnail":0,"_links_to":"","_links_to_target":""},"categories":[66365],"tags":[78881,420638,140,143,1758,2088,38817],"publishpress_future_action":{"enabled":false,"date":"1970-01-01 01:00:00","action":"","terms":[],"taxonomy":"","browser_timezone_offset":0},"_links":{"self":[{"href":"https:\/\/radio.umh.es\/ca\/wp-json\/wp\/v2\/posts\/70211"}],"collection":[{"href":"https:\/\/radio.umh.es\/ca\/wp-json\/wp\/v2\/posts"}],"about":[{"href":"https:\/\/radio.umh.es\/ca\/wp-json\/wp\/v2\/types\/post"}],"author":[{"embeddable":true,"href":"https:\/\/radio.umh.es\/ca\/wp-json\/wp\/v2\/users\/5784"}],"replies":[{"embeddable":true,"href":"https:\/\/radio.umh.es\/ca\/wp-json\/wp\/v2\/comments?post=70211"}],"version-history":[{"count":0,"href":"https:\/\/radio.umh.es\/ca\/wp-json\/wp\/v2\/posts\/70211\/revisions"}],"wp:attachment":[{"href":"https:\/\/radio.umh.es\/ca\/wp-json\/wp\/v2\/media?parent=70211"}],"wp:term":[{"taxonomy":"category","embeddable":true,"href":"https:\/\/radio.umh.es\/ca\/wp-json\/wp\/v2\/categories?post=70211"},{"taxonomy":"post_tag","embeddable":true,"href":"https:\/\/radio.umh.es\/ca\/wp-json\/wp\/v2\/tags?post=70211"}],"curies":[{"name":"wp","href":"https:\/\/api.w.org\/{rel}","templated":true}]}}