{"id":70358,"date":"2021-05-06T20:05:18","date_gmt":"2021-05-06T18:05:18","guid":{"rendered":"https:\/\/radio.umh.es\/?p=70358"},"modified":"2021-05-07T10:38:44","modified_gmt":"2021-05-07T08:38:44","slug":"reflexion-sobre-los-contenidos-de-la-jornada-de-octubre-de-2019-en-ciencia-y-periodismo-una-es-de-marte-y-la-otra-es-de-venus-6-de-mayo-de-2021","status":"publish","type":"post","link":"https:\/\/radio.umh.es\/ca\/2021\/05\/06\/reflexion-sobre-los-contenidos-de-la-jornada-de-octubre-de-2019-en-ciencia-y-periodismo-una-es-de-marte-y-la-otra-es-de-venus-6-de-mayo-de-2021\/","title":{"rendered":"<span lang=\"es\">(Espa\u00f1ol) Reflexi\u00f3n sobre los contenidos de la jornada de octubre de 2019, en &#8220;Ciencia y Periodismo. Una es de Marte y la otra es de Venus&#8221;, 6 de mayo de 2021<\/span>"},"content":{"rendered":"<p class=\"qtranxs-available-languages-message qtranxs-available-languages-message-ca\">Ho sent, per\u00f2 aquesta entrada nom\u00e9s est\u00e0 disponible en <a href=\"https:\/\/radio.umh.es\/es\/wp-json\/wp\/v2\/posts\/70358\" class=\"qtranxs-available-language-link qtranxs-available-language-link-es\" title=\"Espa\u00f1ol\">Espanyol Europeu<\/a>.<\/p>","protected":false},"excerpt":{"rendered":"<p>Ho sent, per\u00f2 aquesta entrada nom\u00e9s est\u00e0 disponible en Espanyol Europeu.<\/p>\n","protected":false},"author":5784,"featured_media":0,"comment_status":"closed","ping_status":"open","sticky":false,"template":"","format":"standard","meta":{"ngg_post_thumbnail":0,"_links_to":"","_links_to_target":""},"categories":[8],"tags":[259,285731,420677,55111],"publishpress_future_action":{"enabled":false,"date":"1970-01-01 01:00:00","action":"","terms":[],"taxonomy":"","browser_timezone_offset":0},"_links":{"self":[{"href":"https:\/\/radio.umh.es\/ca\/wp-json\/wp\/v2\/posts\/70358"}],"collection":[{"href":"https:\/\/radio.umh.es\/ca\/wp-json\/wp\/v2\/posts"}],"about":[{"href":"https:\/\/radio.umh.es\/ca\/wp-json\/wp\/v2\/types\/post"}],"author":[{"embeddable":true,"href":"https:\/\/radio.umh.es\/ca\/wp-json\/wp\/v2\/users\/5784"}],"replies":[{"embeddable":true,"href":"https:\/\/radio.umh.es\/ca\/wp-json\/wp\/v2\/comments?post=70358"}],"version-history":[{"count":0,"href":"https:\/\/radio.umh.es\/ca\/wp-json\/wp\/v2\/posts\/70358\/revisions"}],"wp:attachment":[{"href":"https:\/\/radio.umh.es\/ca\/wp-json\/wp\/v2\/media?parent=70358"}],"wp:term":[{"taxonomy":"category","embeddable":true,"href":"https:\/\/radio.umh.es\/ca\/wp-json\/wp\/v2\/categories?post=70358"},{"taxonomy":"post_tag","embeddable":true,"href":"https:\/\/radio.umh.es\/ca\/wp-json\/wp\/v2\/tags?post=70358"}],"curies":[{"name":"wp","href":"https:\/\/api.w.org\/{rel}","templated":true}]}}